{"id":10127,"date":"2025-04-30T09:18:49","date_gmt":"2025-04-30T12:18:49","guid":{"rendered":"https:\/\/www.camaraestrelavelha.rs.gov.br\/portal\/?p=10127"},"modified":"2025-04-30T09:27:28","modified_gmt":"2025-04-30T12:27:28","slug":"resumo-da-9a-sessao-ordinaria-de-2025","status":"publish","type":"post","link":"https:\/\/www.camaraestrelavelha.rs.gov.br\/portal\/2025\/04\/30\/resumo-da-9a-sessao-ordinaria-de-2025\/","title":{"rendered":"RESUMO DA 9\u00aa SESS\u00c3O ORDIN\u00c1RIA DE 2025"},"content":{"rendered":"<ul>\n<li>NA PAUTA CONSTOU:<\/li>\n<\/ul>\n<ul>\n<li>Projeto de Lei n\u00ba 1.582, que \u201cautoriza a abertura de cr\u00e9dito especial no montante de R$19.440,00 (dezenove mil e quatrocentos e quarenta reais)\u201d. Aprovado por unanimidade.<\/li>\n<\/ul>\n<ul>\n<li>Projeto de Lei n\u00ba 05, de 28 de abril de 2025, que \u201cDenomina o nome da Pra\u00e7a localizada na Rua Oscar Leite de Moraes, no Loteamento Bem Viver, no Munic\u00edpio de Estrela Velha\u201d.\u00a0 Baixado nas Comiss\u00f5es.<\/li>\n<\/ul>\n<ul>\n<li>Projeto de Lei n\u00ba 1.583, de 2025, que \u201cautoriza o Poder executivo receber em comodato, da Mitra Diocesana de Cruz Alta, pelo prazo de 10 anos, uma \u00e1rea de terras com 421,64 m (quatrocentos e vinte e um metros e sessenta e quatro cent\u00edmetros quadrados), para a instala\u00e7\u00e3o de equipamentos de esporte e lazer em Ita\u00faba. Baixado nas Comiss\u00f5es.<\/li>\n<\/ul>\n<ul>\n<li>Projeto de Lei n\u00ba 1.584, de 2025 que \u201cDisp\u00f5e sobre o pagamento parcelado, cobran\u00e7a de cr\u00e9ditos tribut\u00e1rios e n\u00e3o tribut\u00e1rios inscritos em d\u00edvida ativa\u201d. Baixado nas Comiss\u00f5es.<\/li>\n<\/ul>\n<ul>\n<li>Projeto de Lei n\u00ba 1.585, de 2025 que \u201cautoriza o Poder executivo a realizar a ced\u00eancia de servidor efetivo e est\u00e1vel para o Munic\u00edpio de Ibarama\/RS\u201d. Baixado nas Comiss\u00f5es.<\/li>\n<\/ul>\n<ul>\n<li>Projeto de Lei n\u00ba 1.586, de 2025, que \u201cAutoriza a contrata\u00e7\u00e3o tempor\u00e1ria de servidores, por excepcional interesse p\u00fablico, e d\u00e1 outras provid\u00eancias. Baixado nas Comiss\u00f5es.<\/li>\n<\/ul>\n<ul>\n<li>Projeto de Lei n\u00ba 1.587, de 2025, que \u201ccria o Fundo Municipal de Cultura do Munic\u00edpio de Estrela Velha\/RS, e d\u00e1 outas provid\u00eancias.\u201d Baixado nas Comiss\u00f5es.<\/li>\n<\/ul>\n<ul>\n<li>Pedido de providencia n\u00ba 02, de 28 de abril de 2025 de autoria do Vereador Leston Manske (MDB), que solicita provid\u00eancias ao Executivo, para coloca\u00e7\u00e3o de bueiros para devida canaliza\u00e7\u00e3o de \u00e1guas pluviais no acesso ao p\u00e1tio da Igreja e do Sal\u00e3o da Comunidade S\u00e3o Marcos. Encaminhado ao Executivo<\/li>\n<\/ul>\n<p>Sala da Presid\u00eancia, em 08 de abril de 2025.<\/p>\n<p>Neusa Maria Ravanello Billig<\/p>\n<p>Presidenta<\/p>\n","protected":false},"excerpt":{"rendered":"<p>NA PAUTA CONSTOU: Projeto de Lei n\u00ba 1.582, que \u201cautoriza a abertura de cr\u00e9dito especial no montante de R$19.440,00 (dezenove mil e quatrocentos e quarenta reais)\u201d. Aprovado por unanimidade. Projeto de Lei n\u00ba 05, de 28 de abril de 2025, que \u201cDenomina o nome da Pra\u00e7a localizada na Rua Oscar Leite de Moraes, no Loteamento [&hellip;]<\/p>\n","protected":false},"author":6,"featured_media":10128,"comment_status":"open","ping_status":"open","sticky":false,"template":"","format":"standard","meta":{"episode_type":"","audio_file":"","duration":"","filesize":"","date_recorded":"","explicit":"","block":"","filesize_raw":""},"categories":[6,1],"tags":[],"_links":{"self":[{"href":"https:\/\/www.camaraestrelavelha.rs.gov.br\/portal\/wp-json\/wp\/v2\/posts\/10127"}],"collection":[{"href":"https:\/\/www.camaraestrelavelha.rs.gov.br\/portal\/wp-json\/wp\/v2\/posts"}],"about":[{"href":"https:\/\/www.camaraestrelavelha.rs.gov.br\/portal\/wp-json\/wp\/v2\/types\/post"}],"author":[{"embeddable":true,"href":"https:\/\/www.camaraestrelavelha.rs.gov.br\/portal\/wp-json\/wp\/v2\/users\/6"}],"replies":[{"embeddable":true,"href":"https:\/\/www.camaraestrelavelha.rs.gov.br\/portal\/wp-json\/wp\/v2\/comments?post=10127"}],"version-history":[{"count":1,"href":"https:\/\/www.camaraestrelavelha.rs.gov.br\/portal\/wp-json\/wp\/v2\/posts\/10127\/revisions"}],"predecessor-version":[{"id":10129,"href":"https:\/\/www.camaraestrelavelha.rs.gov.br\/portal\/wp-json\/wp\/v2\/posts\/10127\/revisions\/10129"}],"wp:featuredmedia":[{"embeddable":true,"href":"https:\/\/www.camaraestrelavelha.rs.gov.br\/portal\/wp-json\/wp\/v2\/media\/10128"}],"wp:attachment":[{"href":"https:\/\/www.camaraestrelavelha.rs.gov.br\/portal\/wp-json\/wp\/v2\/media?parent=10127"}],"wp:term":[{"taxonomy":"category","embeddable":true,"href":"https:\/\/www.camaraestrelavelha.rs.gov.br\/portal\/wp-json\/wp\/v2\/categories?post=10127"},{"taxonomy":"post_tag","embeddable":true,"href":"https:\/\/www.camaraestrelavelha.rs.gov.br\/portal\/wp-json\/wp\/v2\/tags?post=10127"}],"curies":[{"name":"wp","href":"https:\/\/api.w.org\/{rel}","templated":true}]}}