{"id":10130,"date":"2025-05-06T10:27:03","date_gmt":"2025-05-06T13:27:03","guid":{"rendered":"https:\/\/www.camaraestrelavelha.rs.gov.br\/portal\/?p=10130"},"modified":"2025-05-06T11:40:13","modified_gmt":"2025-05-06T14:40:13","slug":"pauta-da-10o-sessao-ordinaria-de-2025","status":"publish","type":"post","link":"https:\/\/www.camaraestrelavelha.rs.gov.br\/portal\/2025\/05\/06\/pauta-da-10o-sessao-ordinaria-de-2025\/","title":{"rendered":"PAUTA DA 10\u00ba SESS\u00c3O ORDIN\u00c1RIA DE 2025."},"content":{"rendered":"\n<p>\ud83d\udcddPAUTA:<br>Nada Constou.<\/p>\n\n\n\n<p><br>\ud83d\udcc4ORDEM DO DIA:<\/p>\n\n\n\n<p># Projeto de Lei n\u00ba 05, de 28 de abril de 2025, que \u201cDenomina o nome da Pra\u00e7a localizada na Rua Oscar Leite de Moraes, no Loteamento Bem Viver, no Munic\u00edpio de Estrela Velha\u201d. <\/p>\n\n\n\n<p># Projeto de Lei n\u00ba 1.583, de 2025, que \u201cautoriza o Poder executivo receber em comodato, da Mitra Diocesana de Cruz Alta, pelo prazo de 10 anos, uma \u00e1rea de terras com 421,64 m (quatrocentos e vinte e um metros e sessenta e quatro cent\u00edmetros quadrados), para a instala\u00e7\u00e3o de equipamentos de esporte e lazer em Ita\u00faba.<\/p>\n\n\n\n<p> # Projeto de Lei n\u00ba 1.584, de 2025 que \u201cDisp\u00f5e sobre o pagamento parcelado, cobran\u00e7a de cr\u00e9ditos tribut\u00e1rios e n\u00e3o tribut\u00e1rios inscritos em d\u00edvida ativa\u201d.<\/p>\n\n\n\n<p># Projeto de Lei n\u00ba 1.585, de 2025 que \u201cautoriza o Poder executivo a realizar a ced\u00eancia de servidor efetivo e est\u00e1vel para o Munic\u00edpio de Ibarama\/RS\u201d.<\/p>\n\n\n\n<p># Projeto de Lei n\u00ba 1.586, de 2025, que \u201cAutoriza a contrata\u00e7\u00e3o tempor\u00e1ria de servidores, por excepcional interesse p\u00fablico, e d\u00e1 outras provid\u00eancias.<\/p>\n\n\n\n<p># Projeto de Lei n\u00ba 1.587, de 2025, que \u201ccria o Fundo Municipal de Cultura do Munic\u00edpio de Estrela Velha\/RS, e d\u00e1 outas provid\u00eancias.\u201d <\/p>\n\n\n\n<p><\/p>\n\n\n\n<p>Sala da Presid\u00eancia, em 06 de maio de 2025.<\/p>\n\n\n\n<p>Neusa Maria Ravanello Billig<\/p>\n\n\n\n<p>Presidenta<\/p>\n","protected":false},"excerpt":{"rendered":"<p>\ud83d\udcddPAUTA:Nada Constou. \ud83d\udcc4ORDEM DO DIA: # Projeto de Lei n\u00ba 05, de 28 de abril de 2025, que \u201cDenomina o nome da Pra\u00e7a localizada na Rua Oscar Leite de Moraes, no Loteamento Bem Viver, no Munic\u00edpio de Estrela Velha\u201d. # Projeto de Lei n\u00ba 1.583, de 2025, que \u201cautoriza o Poder executivo receber em comodato, [&hellip;]<\/p>\n","protected":false},"author":6,"featured_media":10135,"comment_status":"open","ping_status":"open","sticky":false,"template":"","format":"standard","meta":{"episode_type":"","audio_file":"","duration":"","filesize":"","date_recorded":"","explicit":"","block":"","filesize_raw":""},"categories":[7],"tags":[],"_links":{"self":[{"href":"https:\/\/www.camaraestrelavelha.rs.gov.br\/portal\/wp-json\/wp\/v2\/posts\/10130"}],"collection":[{"href":"https:\/\/www.camaraestrelavelha.rs.gov.br\/portal\/wp-json\/wp\/v2\/posts"}],"about":[{"href":"https:\/\/www.camaraestrelavelha.rs.gov.br\/portal\/wp-json\/wp\/v2\/types\/post"}],"author":[{"embeddable":true,"href":"https:\/\/www.camaraestrelavelha.rs.gov.br\/portal\/wp-json\/wp\/v2\/users\/6"}],"replies":[{"embeddable":true,"href":"https:\/\/www.camaraestrelavelha.rs.gov.br\/portal\/wp-json\/wp\/v2\/comments?post=10130"}],"version-history":[{"count":2,"href":"https:\/\/www.camaraestrelavelha.rs.gov.br\/portal\/wp-json\/wp\/v2\/posts\/10130\/revisions"}],"predecessor-version":[{"id":10136,"href":"https:\/\/www.camaraestrelavelha.rs.gov.br\/portal\/wp-json\/wp\/v2\/posts\/10130\/revisions\/10136"}],"wp:featuredmedia":[{"embeddable":true,"href":"https:\/\/www.camaraestrelavelha.rs.gov.br\/portal\/wp-json\/wp\/v2\/media\/10135"}],"wp:attachment":[{"href":"https:\/\/www.camaraestrelavelha.rs.gov.br\/portal\/wp-json\/wp\/v2\/media?parent=10130"}],"wp:term":[{"taxonomy":"category","embeddable":true,"href":"https:\/\/www.camaraestrelavelha.rs.gov.br\/portal\/wp-json\/wp\/v2\/categories?post=10130"},{"taxonomy":"post_tag","embeddable":true,"href":"https:\/\/www.camaraestrelavelha.rs.gov.br\/portal\/wp-json\/wp\/v2\/tags?post=10130"}],"curies":[{"name":"wp","href":"https:\/\/api.w.org\/{rel}","templated":true}]}}