{"id":10137,"date":"2025-05-07T09:24:18","date_gmt":"2025-05-07T12:24:18","guid":{"rendered":"https:\/\/www.camaraestrelavelha.rs.gov.br\/portal\/?p=10137"},"modified":"2025-05-07T09:27:53","modified_gmt":"2025-05-07T12:27:53","slug":"resumo-da-10a-sessao-ordinaria-de-2025","status":"publish","type":"post","link":"https:\/\/www.camaraestrelavelha.rs.gov.br\/portal\/2025\/05\/07\/resumo-da-10a-sessao-ordinaria-de-2025\/","title":{"rendered":"RESUMO DA 10\u00aa SESS\u00c3O ORDIN\u00c1RIA DE 2025"},"content":{"rendered":"\n<p><img loading=\"lazy\" height=\"16\" width=\"16\" alt=\"\ud83d\udcdd\" src=\"https:\/\/static.xx.fbcdn.net\/images\/emoji.php\/v9\/tcc\/1\/16\/1f4dd.png\">NA PAUTA CONSTOU:<\/p>\n\n\n\n<p><img loading=\"lazy\" height=\"16\" width=\"16\" alt=\"\u25aa\ufe0f\" src=\"https:\/\/static.xx.fbcdn.net\/images\/emoji.php\/v9\/t4c\/1\/16\/25aa.png\">Projeto de Lei n\u00ba 1.583, de 2025, que \u201cautoriza o Poder executivo receber em comodato, da Mitra Diocesana de Cruz Alta, pelo prazo de 10 anos, uma \u00e1rea de terras com 421,64 m (quatrocentos e vinte e um metros e sessenta e quatro cent\u00edmetros quadrados), para a instala\u00e7\u00e3o de equipamentos de esporte e lazer em Ita\u00faba. Aprovado por unanimidade.<\/p>\n\n\n\n<p><img loading=\"lazy\" height=\"16\" width=\"16\" alt=\"\u25aa\ufe0f\" src=\"https:\/\/static.xx.fbcdn.net\/images\/emoji.php\/v9\/t4c\/1\/16\/25aa.png\">\u00a0Projeto de Lei n\u00ba 1.584, de 2025 que \u201cDisp\u00f5e sobre o pagamento parcelado, cobran\u00e7a de cr\u00e9ditos tribut\u00e1rios e n\u00e3o tribut\u00e1rios inscritos em d\u00edvida ativa\u201d.Aprovado por unanimidade.<\/p>\n\n\n\n<p><img loading=\"lazy\" height=\"16\" width=\"16\" alt=\"\u25aa\ufe0f\" src=\"https:\/\/static.xx.fbcdn.net\/images\/emoji.php\/v9\/t4c\/1\/16\/25aa.png\">\u00a0Projeto de Lei n\u00ba 1.585, de 2025 que \u201cautoriza o Poder executivo a realizar a ced\u00eancia de servidor efetivo e est\u00e1vel para o Munic\u00edpio de Ibarama\/RS\u201d. Aprovado por unanimidade.<\/p>\n\n\n\n<p><img loading=\"lazy\" height=\"16\" width=\"16\" alt=\"\u25aa\ufe0f\" src=\"https:\/\/static.xx.fbcdn.net\/images\/emoji.php\/v9\/t4c\/1\/16\/25aa.png\">\u00a0Projeto de Lei n\u00ba 1.586, de 2025, que \u201cAutoriza a contrata\u00e7\u00e3o tempor\u00e1ria de servidores, por excepcional interesse p\u00fablico, e d\u00e1 outras provid\u00eancias. Aprovado por unanimidade.<\/p>\n\n\n\n<p><img loading=\"lazy\" height=\"16\" width=\"16\" alt=\"\u25aa\ufe0f\" src=\"https:\/\/static.xx.fbcdn.net\/images\/emoji.php\/v9\/t4c\/1\/16\/25aa.png\">\u00a0Projeto de Lei n\u00ba 1.587, de 2025, que \u201ccria o Fundo Municipal de Cultura do Munic\u00edpio de Estrela Velha\/RS, e d\u00e1 outas provid\u00eancias.\u201d Aprovado por unanimidade.<\/p>\n\n\n\n<p><img loading=\"lazy\" height=\"16\" width=\"16\" alt=\"\u25aa\ufe0f\" src=\"https:\/\/static.xx.fbcdn.net\/images\/emoji.php\/v9\/t4c\/1\/16\/25aa.png\">\u00a0Projeto de Lei n\u00ba 05, de 28 de abril de 2025, que \u201cDenomina o nome da Pra\u00e7a localizada na Rua Oscar Leite de Moraes, no Loteamento Bem Viver, no Munic\u00edpio de Estrela Velha\u201d.\u00a0 Aprovado por unanimidade<\/p>\n\n\n\n<p>\u00a0<\/p>\n\n\n\n<figure class=\"wp-block-image\"><img src=\"https:\/\/s.w.org\/images\/core\/emoji\/13.0.1\/svg\/1f5d3.svg\" alt=\"\ud83d\uddd3\ufe0f\"\/><\/figure>\n\n\n\n<p>\u00a0Pr\u00f3xima Sess\u00e3o Ordin\u00e1ria acontecer\u00e1 no dia 13 de Maio de 2025, \u00e0s 18 horas.<\/p>\n\n\n\n<p><img loading=\"lazy\" height=\"16\" width=\"16\" alt=\"\u270d\ud83c\udffb\" src=\"https:\/\/static.xx.fbcdn.net\/images\/emoji.php\/v9\/tdd\/1\/16\/270d_1f3fb.png\">\u00a0Sala da Presid\u00eancia, em 06 de maio de 2025.<\/p>\n\n\n\n<p>Neusa Maria Ravanello Billig<\/p>\n\n\n\n<p>Presidenta<\/p>\n","protected":false},"excerpt":{"rendered":"<p>NA PAUTA CONSTOU: Projeto de Lei n\u00ba 1.583, de 2025, que \u201cautoriza o Poder executivo receber em comodato, da Mitra Diocesana de Cruz Alta, pelo prazo de 10 anos, uma \u00e1rea de terras com 421,64 m (quatrocentos e vinte e um metros e sessenta e quatro cent\u00edmetros quadrados), para a instala\u00e7\u00e3o de equipamentos de esporte [&hellip;]<\/p>\n","protected":false},"author":6,"featured_media":10138,"comment_status":"open","ping_status":"open","sticky":false,"template":"","format":"standard","meta":{"episode_type":"","audio_file":"","duration":"","filesize":"","date_recorded":"","explicit":"","block":"","filesize_raw":""},"categories":[6],"tags":[],"_links":{"self":[{"href":"https:\/\/www.camaraestrelavelha.rs.gov.br\/portal\/wp-json\/wp\/v2\/posts\/10137"}],"collection":[{"href":"https:\/\/www.camaraestrelavelha.rs.gov.br\/portal\/wp-json\/wp\/v2\/posts"}],"about":[{"href":"https:\/\/www.camaraestrelavelha.rs.gov.br\/portal\/wp-json\/wp\/v2\/types\/post"}],"author":[{"embeddable":true,"href":"https:\/\/www.camaraestrelavelha.rs.gov.br\/portal\/wp-json\/wp\/v2\/users\/6"}],"replies":[{"embeddable":true,"href":"https:\/\/www.camaraestrelavelha.rs.gov.br\/portal\/wp-json\/wp\/v2\/comments?post=10137"}],"version-history":[{"count":2,"href":"https:\/\/www.camaraestrelavelha.rs.gov.br\/portal\/wp-json\/wp\/v2\/posts\/10137\/revisions"}],"predecessor-version":[{"id":10141,"href":"https:\/\/www.camaraestrelavelha.rs.gov.br\/portal\/wp-json\/wp\/v2\/posts\/10137\/revisions\/10141"}],"wp:featuredmedia":[{"embeddable":true,"href":"https:\/\/www.camaraestrelavelha.rs.gov.br\/portal\/wp-json\/wp\/v2\/media\/10138"}],"wp:attachment":[{"href":"https:\/\/www.camaraestrelavelha.rs.gov.br\/portal\/wp-json\/wp\/v2\/media?parent=10137"}],"wp:term":[{"taxonomy":"category","embeddable":true,"href":"https:\/\/www.camaraestrelavelha.rs.gov.br\/portal\/wp-json\/wp\/v2\/categories?post=10137"},{"taxonomy":"post_tag","embeddable":true,"href":"https:\/\/www.camaraestrelavelha.rs.gov.br\/portal\/wp-json\/wp\/v2\/tags?post=10137"}],"curies":[{"name":"wp","href":"https:\/\/api.w.org\/{rel}","templated":true}]}}