{"id":10175,"date":"2025-06-03T10:49:59","date_gmt":"2025-06-03T13:49:59","guid":{"rendered":"https:\/\/www.camaraestrelavelha.rs.gov.br\/portal\/?p=10175"},"modified":"2025-06-03T10:50:01","modified_gmt":"2025-06-03T13:50:01","slug":"resumo-da-13a-sessao-ordinaria-de-2025","status":"publish","type":"post","link":"https:\/\/www.camaraestrelavelha.rs.gov.br\/portal\/2025\/06\/03\/resumo-da-13a-sessao-ordinaria-de-2025\/","title":{"rendered":"RESUMO DA 13\u00aa SESS\u00c3O ORDIN\u00c1RIA DE 2025"},"content":{"rendered":"\n<p>NA PAUTA CONSTOU<\/p>\n\n\n\n<p>Projeto de Lei n\u00b0 1.588\/2025, que \u201cInstitui concurso de Carros Aleg\u00f3ricos, e d\u00e1 outras provid\u00eancias.\u201d Aprovado por unanimidade.<\/p>\n\n\n\n<p>Projeto de Lei n\u00b0 1.589\/2025, que \u201cAutoriza contrata\u00e7\u00e3o tempor\u00e1ria de servidores, por excepcional interesse p\u00fablico, e d\u00e1 outras provid\u00eancias.\u201d Aprovado por unanimidade.<\/p>\n\n\n\n<p>Pedido de Provid\u00eancia n\u00b0 03\/2025, de autoria da Vereadora Neusa Maria Ravanello Billig (MDB), que solicita provid\u00eancias ao Executivo, para recupera\u00e7\u00e3o das estradas de que ligam as propriedades de Get\u00falio Mathias e Jonas Ravanello Billig em Linha Vassouras, com coloca\u00e7\u00e3o de material para melhor conserva\u00e7\u00e3o da via p\u00fablica. Aprovado por unanimidade.<\/p>\n\n\n\n<p>Projeto de Lei n\u00b01.590\/2025, que \u201cAutoriza a abertura de cr\u00e9dito especial no montante de duzentos e cinquenta mil reais. \u201cBaixado nas comiss\u00f5es.<\/p>\n\n\n\n<p>Of\u00edcio n\u00b0093\/2025, que \u201cEncaminha raz\u00f5es de veto ao Projeto de Lei Legislativo n\u00b005\/2025.\u201d Baixado nas comiss\u00f5es.<\/p>\n\n\n\n<p>A pr\u00f3xima Sess\u00e3o Ordin\u00e1ria ser\u00e1 realizada no dia 09\/06\/2025, \u00e0s 18h.<\/p>\n\n\n\n<p>Sala da Presid\u00eancia, em 03 de maio de 2025.<\/p>\n\n\n\n<p>Neusa Maria Ravanello Billig<\/p>\n\n\n\n<p>Presidenta<\/p>\n","protected":false},"excerpt":{"rendered":"<p>NA PAUTA CONSTOU Projeto de Lei n\u00b0 1.588\/2025, que \u201cInstitui concurso de Carros Aleg\u00f3ricos, e d\u00e1 outras provid\u00eancias.\u201d Aprovado por unanimidade. Projeto de Lei n\u00b0 1.589\/2025, que \u201cAutoriza contrata\u00e7\u00e3o tempor\u00e1ria de servidores, por excepcional interesse p\u00fablico, e d\u00e1 outras provid\u00eancias.\u201d Aprovado por unanimidade. Pedido de Provid\u00eancia n\u00b0 03\/2025, de autoria da Vereadora Neusa Maria Ravanello [&hellip;]<\/p>\n","protected":false},"author":6,"featured_media":10166,"comment_status":"open","ping_status":"open","sticky":false,"template":"","format":"standard","meta":{"episode_type":"","audio_file":"","duration":"","filesize":"","date_recorded":"","explicit":"","block":"","filesize_raw":""},"categories":[6],"tags":[],"_links":{"self":[{"href":"https:\/\/www.camaraestrelavelha.rs.gov.br\/portal\/wp-json\/wp\/v2\/posts\/10175"}],"collection":[{"href":"https:\/\/www.camaraestrelavelha.rs.gov.br\/portal\/wp-json\/wp\/v2\/posts"}],"about":[{"href":"https:\/\/www.camaraestrelavelha.rs.gov.br\/portal\/wp-json\/wp\/v2\/types\/post"}],"author":[{"embeddable":true,"href":"https:\/\/www.camaraestrelavelha.rs.gov.br\/portal\/wp-json\/wp\/v2\/users\/6"}],"replies":[{"embeddable":true,"href":"https:\/\/www.camaraestrelavelha.rs.gov.br\/portal\/wp-json\/wp\/v2\/comments?post=10175"}],"version-history":[{"count":1,"href":"https:\/\/www.camaraestrelavelha.rs.gov.br\/portal\/wp-json\/wp\/v2\/posts\/10175\/revisions"}],"predecessor-version":[{"id":10176,"href":"https:\/\/www.camaraestrelavelha.rs.gov.br\/portal\/wp-json\/wp\/v2\/posts\/10175\/revisions\/10176"}],"wp:featuredmedia":[{"embeddable":true,"href":"https:\/\/www.camaraestrelavelha.rs.gov.br\/portal\/wp-json\/wp\/v2\/media\/10166"}],"wp:attachment":[{"href":"https:\/\/www.camaraestrelavelha.rs.gov.br\/portal\/wp-json\/wp\/v2\/media?parent=10175"}],"wp:term":[{"taxonomy":"category","embeddable":true,"href":"https:\/\/www.camaraestrelavelha.rs.gov.br\/portal\/wp-json\/wp\/v2\/categories?post=10175"},{"taxonomy":"post_tag","embeddable":true,"href":"https:\/\/www.camaraestrelavelha.rs.gov.br\/portal\/wp-json\/wp\/v2\/tags?post=10175"}],"curies":[{"name":"wp","href":"https:\/\/api.w.org\/{rel}","templated":true}]}}