{"id":10250,"date":"2025-06-24T09:39:57","date_gmt":"2025-06-24T12:39:57","guid":{"rendered":"https:\/\/www.camaraestrelavelha.rs.gov.br\/portal\/?p=10250"},"modified":"2025-06-24T09:39:59","modified_gmt":"2025-06-24T12:39:59","slug":"pauta-da-15o-sessao-ordinaria-de-2025","status":"publish","type":"post","link":"https:\/\/www.camaraestrelavelha.rs.gov.br\/portal\/2025\/06\/24\/pauta-da-15o-sessao-ordinaria-de-2025\/","title":{"rendered":"PAUTA DA 15\u00ba SESS\u00c3O ORDIN\u00c1RIA DE 2025."},"content":{"rendered":"\n<p><img loading=\"lazy\" width=\"16\" height=\"16\" src=\"\" alt=\"\ud83d\udcdd\">PAUTA:<\/p>\n\n\n\n<p>Projeto de Lei n\u00b01.594\/2025, que \u201cDisp\u00f5e sobre o Plano Plurianual para o quadri\u00eanio 2026-2029 e d\u00e1 outras provid\u00eancias.\u201d<\/p>\n\n\n\n<p>Projeto de Lei n\u00b01.595\/2025, que \u201cAutoriza a contrata\u00e7\u00e3o tempor\u00e1ria de servidores, por excepcional interesse p\u00fablico, e d\u00e1 outras provid\u00eancias.\u201d<\/p>\n\n\n\n<p>Projeto de Lei n\u00b01.596\/2025, que \u201cAutoriza a abertura de cr\u00e9dito especial no montante de quarenta mil e cento e cinquenta e oito reais e setenta e quatro centavos.\u201d<\/p>\n\n\n\n<p>Projeto de Lei n\u00b01.597\/2025, que \u201cDisp\u00f5e sobre a aprova\u00e7\u00e3o e ratifica\u00e7\u00e3o legal do Quinto termo de Aditamento ao Contrato de Consorcio P\u00fablico Intermunicipal do Vale do Jacu\u00ed \u2013 CI\/JACU\u00cd e respectiva Consolida\u00e7\u00e3o.\u201d<\/p>\n\n\n\n<p><img loading=\"lazy\" width=\"16\" height=\"16\" src=\"\" alt=\"\ud83d\udcc4\">ORDEM DO DIA:<\/p>\n\n\n\n<p>Projeto de Lei n\u00b01.592\/2025, que \u201cAutoriza a contrata\u00e7\u00e3o tempor\u00e1ria de servidor para o cargo de Nutricionista, por excepcional interesse p\u00fablico, e d\u00e1 outras provid\u00eancias.\u201d <\/p>\n\n\n\n<p>Projeto de Decreto Legislativo n\u00b001, de 06 de junho de 2025, que \u201cDisp\u00f5e sobre o processo de contas do poder Executivo, referente ao exerc\u00edcio de 2022.\u201d<\/p>\n\n\n\n<p>Sala da Presid\u00eancia, em 24 de junho de 2025.<\/p>\n\n\n\n<p>Neusa Maria Ravanello Billig<\/p>\n\n\n\n<p>Presidenta<\/p>\n","protected":false},"excerpt":{"rendered":"<p>PAUTA: Projeto de Lei n\u00b01.594\/2025, que \u201cDisp\u00f5e sobre o Plano Plurianual para o quadri\u00eanio 2026-2029 e d\u00e1 outras provid\u00eancias.\u201d Projeto de Lei n\u00b01.595\/2025, que \u201cAutoriza a contrata\u00e7\u00e3o tempor\u00e1ria de servidores, por excepcional interesse p\u00fablico, e d\u00e1 outras provid\u00eancias.\u201d Projeto de Lei n\u00b01.596\/2025, que \u201cAutoriza a abertura de cr\u00e9dito especial no montante de quarenta mil e [&hellip;]<\/p>\n","protected":false},"author":6,"featured_media":10251,"comment_status":"open","ping_status":"open","sticky":false,"template":"","format":"standard","meta":{"episode_type":"","audio_file":"","duration":"","filesize":"","date_recorded":"","explicit":"","block":"","filesize_raw":""},"categories":[7],"tags":[],"_links":{"self":[{"href":"https:\/\/www.camaraestrelavelha.rs.gov.br\/portal\/wp-json\/wp\/v2\/posts\/10250"}],"collection":[{"href":"https:\/\/www.camaraestrelavelha.rs.gov.br\/portal\/wp-json\/wp\/v2\/posts"}],"about":[{"href":"https:\/\/www.camaraestrelavelha.rs.gov.br\/portal\/wp-json\/wp\/v2\/types\/post"}],"author":[{"embeddable":true,"href":"https:\/\/www.camaraestrelavelha.rs.gov.br\/portal\/wp-json\/wp\/v2\/users\/6"}],"replies":[{"embeddable":true,"href":"https:\/\/www.camaraestrelavelha.rs.gov.br\/portal\/wp-json\/wp\/v2\/comments?post=10250"}],"version-history":[{"count":1,"href":"https:\/\/www.camaraestrelavelha.rs.gov.br\/portal\/wp-json\/wp\/v2\/posts\/10250\/revisions"}],"predecessor-version":[{"id":10252,"href":"https:\/\/www.camaraestrelavelha.rs.gov.br\/portal\/wp-json\/wp\/v2\/posts\/10250\/revisions\/10252"}],"wp:featuredmedia":[{"embeddable":true,"href":"https:\/\/www.camaraestrelavelha.rs.gov.br\/portal\/wp-json\/wp\/v2\/media\/10251"}],"wp:attachment":[{"href":"https:\/\/www.camaraestrelavelha.rs.gov.br\/portal\/wp-json\/wp\/v2\/media?parent=10250"}],"wp:term":[{"taxonomy":"category","embeddable":true,"href":"https:\/\/www.camaraestrelavelha.rs.gov.br\/portal\/wp-json\/wp\/v2\/categories?post=10250"},{"taxonomy":"post_tag","embeddable":true,"href":"https:\/\/www.camaraestrelavelha.rs.gov.br\/portal\/wp-json\/wp\/v2\/tags?post=10250"}],"curies":[{"name":"wp","href":"https:\/\/api.w.org\/{rel}","templated":true}]}}