{"id":10333,"date":"2025-08-04T10:20:59","date_gmt":"2025-08-04T13:20:59","guid":{"rendered":"https:\/\/www.camaraestrelavelha.rs.gov.br\/portal\/?p=10333"},"modified":"2025-08-04T10:21:01","modified_gmt":"2025-08-04T13:21:01","slug":"audiencia-publica-na-camara-de-vereadores-de-estrela-velha-para-tratar-do-plano-plurianual-ppa-2026-2029","status":"publish","type":"post","link":"https:\/\/www.camaraestrelavelha.rs.gov.br\/portal\/2025\/08\/04\/audiencia-publica-na-camara-de-vereadores-de-estrela-velha-para-tratar-do-plano-plurianual-ppa-2026-2029\/","title":{"rendered":"Audi\u00eancia P\u00fablica na C\u00e2mara de Vereadores de Estrela Velha para tratar do Plano Plurianual (PPA) 2026\u20132029."},"content":{"rendered":"<p>\ud83d\udce2 Participe!<br \/>\nNesta ter\u00e7a-feira, \u00e0s 17h30, acontece uma Audi\u00eancia P\u00fablica na C\u00e2mara de Vereadores de Estrela Velha para tratar do Plano Plurianual (PPA) 2026\u20132029.<\/p>\n<p>\ud83d\uddd3\ufe0f Este \u00e9 o momento de contribuir com ideias, ouvir propostas e ajudar a construir o futuro do nosso munic\u00edpio.<\/p>\n<p>\ud83d\udccd A presen\u00e7a da comunidade \u00e9 fundamental. Esperamos voc\u00ea!<\/p>\n","protected":false},"excerpt":{"rendered":"<p>\ud83d\udce2 Participe! Nesta ter\u00e7a-feira, \u00e0s 17h30, acontece uma Audi\u00eancia P\u00fablica na C\u00e2mara de Vereadores de Estrela Velha para tratar do Plano Plurianual (PPA) 2026\u20132029. \ud83d\uddd3\ufe0f Este \u00e9 o momento de contribuir com ideias, ouvir propostas e ajudar a construir o futuro do nosso munic\u00edpio. \ud83d\udccd A presen\u00e7a da comunidade \u00e9 fundamental. Esperamos voc\u00ea!<\/p>\n","protected":false},"author":6,"featured_media":10334,"comment_status":"open","ping_status":"open","sticky":false,"template":"","format":"standard","meta":{"episode_type":"","audio_file":"","duration":"","filesize":"","date_recorded":"","explicit":"","block":"","filesize_raw":""},"categories":[5],"tags":[],"_links":{"self":[{"href":"https:\/\/www.camaraestrelavelha.rs.gov.br\/portal\/wp-json\/wp\/v2\/posts\/10333"}],"collection":[{"href":"https:\/\/www.camaraestrelavelha.rs.gov.br\/portal\/wp-json\/wp\/v2\/posts"}],"about":[{"href":"https:\/\/www.camaraestrelavelha.rs.gov.br\/portal\/wp-json\/wp\/v2\/types\/post"}],"author":[{"embeddable":true,"href":"https:\/\/www.camaraestrelavelha.rs.gov.br\/portal\/wp-json\/wp\/v2\/users\/6"}],"replies":[{"embeddable":true,"href":"https:\/\/www.camaraestrelavelha.rs.gov.br\/portal\/wp-json\/wp\/v2\/comments?post=10333"}],"version-history":[{"count":1,"href":"https:\/\/www.camaraestrelavelha.rs.gov.br\/portal\/wp-json\/wp\/v2\/posts\/10333\/revisions"}],"predecessor-version":[{"id":10335,"href":"https:\/\/www.camaraestrelavelha.rs.gov.br\/portal\/wp-json\/wp\/v2\/posts\/10333\/revisions\/10335"}],"wp:featuredmedia":[{"embeddable":true,"href":"https:\/\/www.camaraestrelavelha.rs.gov.br\/portal\/wp-json\/wp\/v2\/media\/10334"}],"wp:attachment":[{"href":"https:\/\/www.camaraestrelavelha.rs.gov.br\/portal\/wp-json\/wp\/v2\/media?parent=10333"}],"wp:term":[{"taxonomy":"category","embeddable":true,"href":"https:\/\/www.camaraestrelavelha.rs.gov.br\/portal\/wp-json\/wp\/v2\/categories?post=10333"},{"taxonomy":"post_tag","embeddable":true,"href":"https:\/\/www.camaraestrelavelha.rs.gov.br\/portal\/wp-json\/wp\/v2\/tags?post=10333"}],"curies":[{"name":"wp","href":"https:\/\/api.w.org\/{rel}","templated":true}]}}