{"id":10340,"date":"2025-08-06T09:54:21","date_gmt":"2025-08-06T12:54:21","guid":{"rendered":"https:\/\/www.camaraestrelavelha.rs.gov.br\/portal\/?p=10340"},"modified":"2025-08-06T09:54:23","modified_gmt":"2025-08-06T12:54:23","slug":"resumo-da-16a-sessao-ordinaria-de-2025","status":"publish","type":"post","link":"https:\/\/www.camaraestrelavelha.rs.gov.br\/portal\/2025\/08\/06\/resumo-da-16a-sessao-ordinaria-de-2025\/","title":{"rendered":"RESUMO DA 16\u00aa SESS\u00c3O ORDIN\u00c1RIA DE 2025"},"content":{"rendered":"\n<p>NA PAUTA CONSTOU<\/p>\n\n\n\n<p>Projeto de Lei n\u00b01.598\/2025, que \u201cAutoriza a abertura de cr\u00e9dito especial no montante de cento e sessenta e oito reais.\u201d Baixado nas comiss\u00f5es<\/p>\n\n\n\n<p>Projeto de Lei n\u00b01.599\/2025, que \u201cAutoriza a abertura de cr\u00e9dito especial no montante de duzentos mil reais.\u201d Baixado nas comiss\u00f5es.<\/p>\n\n\n\n<p>A pr\u00f3xima Sess\u00e3o Ordin\u00e1ria ser\u00e1 realizada no dia 12\/08\/2025, \u00e0s 18h.<\/p>\n\n\n\n<p>Sala da Presid\u00eancia, em 06 de agosto de 2025.<\/p>\n\n\n\n<p>Neusa Maria Ravanello Billig<\/p>\n\n\n\n<p>Presidenta<\/p>\n\n\n","protected":false},"excerpt":{"rendered":"<p>NA PAUTA CONSTOU Projeto de Lei n\u00b01.598\/2025, que \u201cAutoriza a abertura de cr\u00e9dito especial no montante de cento e sessenta e oito reais.\u201d Baixado nas comiss\u00f5es Projeto de Lei n\u00b01.599\/2025, que \u201cAutoriza a abertura de cr\u00e9dito especial no montante de duzentos mil reais.\u201d Baixado nas comiss\u00f5es. A pr\u00f3xima Sess\u00e3o Ordin\u00e1ria ser\u00e1 realizada no dia 12\/08\/2025, [&hellip;]<\/p>\n","protected":false},"author":6,"featured_media":10341,"comment_status":"open","ping_status":"open","sticky":false,"template":"","format":"standard","meta":{"episode_type":"","audio_file":"","duration":"","filesize":"","date_recorded":"","explicit":"","block":"","filesize_raw":""},"categories":[6],"tags":[],"_links":{"self":[{"href":"https:\/\/www.camaraestrelavelha.rs.gov.br\/portal\/wp-json\/wp\/v2\/posts\/10340"}],"collection":[{"href":"https:\/\/www.camaraestrelavelha.rs.gov.br\/portal\/wp-json\/wp\/v2\/posts"}],"about":[{"href":"https:\/\/www.camaraestrelavelha.rs.gov.br\/portal\/wp-json\/wp\/v2\/types\/post"}],"author":[{"embeddable":true,"href":"https:\/\/www.camaraestrelavelha.rs.gov.br\/portal\/wp-json\/wp\/v2\/users\/6"}],"replies":[{"embeddable":true,"href":"https:\/\/www.camaraestrelavelha.rs.gov.br\/portal\/wp-json\/wp\/v2\/comments?post=10340"}],"version-history":[{"count":1,"href":"https:\/\/www.camaraestrelavelha.rs.gov.br\/portal\/wp-json\/wp\/v2\/posts\/10340\/revisions"}],"predecessor-version":[{"id":10342,"href":"https:\/\/www.camaraestrelavelha.rs.gov.br\/portal\/wp-json\/wp\/v2\/posts\/10340\/revisions\/10342"}],"wp:featuredmedia":[{"embeddable":true,"href":"https:\/\/www.camaraestrelavelha.rs.gov.br\/portal\/wp-json\/wp\/v2\/media\/10341"}],"wp:attachment":[{"href":"https:\/\/www.camaraestrelavelha.rs.gov.br\/portal\/wp-json\/wp\/v2\/media?parent=10340"}],"wp:term":[{"taxonomy":"category","embeddable":true,"href":"https:\/\/www.camaraestrelavelha.rs.gov.br\/portal\/wp-json\/wp\/v2\/categories?post=10340"},{"taxonomy":"post_tag","embeddable":true,"href":"https:\/\/www.camaraestrelavelha.rs.gov.br\/portal\/wp-json\/wp\/v2\/tags?post=10340"}],"curies":[{"name":"wp","href":"https:\/\/api.w.org\/{rel}","templated":true}]}}