{"id":10372,"date":"2025-08-26T08:39:20","date_gmt":"2025-08-26T11:39:20","guid":{"rendered":"https:\/\/www.camaraestrelavelha.rs.gov.br\/portal\/?p=10372"},"modified":"2025-08-26T08:39:22","modified_gmt":"2025-08-26T11:39:22","slug":"resumo-da-18a-sessao-ordinaria-de-2025","status":"publish","type":"post","link":"https:\/\/www.camaraestrelavelha.rs.gov.br\/portal\/2025\/08\/26\/resumo-da-18a-sessao-ordinaria-de-2025\/","title":{"rendered":"RESUMO DA 18\u00aa SESS\u00c3O ORDIN\u00c1RIA DE 2025"},"content":{"rendered":"\n<p>\ud83d\udcddNA PAUTA CONSTOU:<\/p>\n\n\n\n<p><br># Projeto de Lei n\u00b01.600\/2025, que \u201cAltera a estrutura administrativa do Poder Executivo, com altera\u00e7\u00f5es de Secretarias Municipais, e d\u00e1 outras provid\u00eancias\u201d. Aprovado por unanimidade<\/p>\n\n\n\n<p><br># Projeto de Lei n\u00ba1601\/2025, que \u201cInstitui o Plano Municipal da Cultura (PMC).Baixado nas comiss\u00f5es<\/p>\n\n\n\n<p><br># Indica\u00e7\u00e3o n\u00ba 04 de 12 de agosto de 2025, de autoria do Vereadores da Bancada do MDB, que prop\u00f5e ao poder Executivo Municipal a Concess\u00e3o de 01 (um) dia de folga remunerada aos servidores p\u00fablicos municipais, efetivos e comissionados, no dia de seu anivers\u00e1rio, sem preju\u00edzo da remunera\u00e7\u00e3o, como forma de reconhecimento e valoriza\u00e7\u00e3o dos servidores. Encaminhado ao Executivo.<\/p>\n\n\n\n<p><br># Indica\u00e7\u00e3o n\u00ba 05 de 18 de agosto de 2025, de autoria do Vereador Jos\u00e9 Aldair da Silva da Bancada do MDB, que prop\u00f5e ao poder Executivo Municipal a viabilidade de conceder adicional de insalubridade aos Conselheiros Tutelares do Munic\u00edpio de Estrela Velha. Encaminhado ao Executivo.<\/p>\n\n\n\n<p><br># Indica\u00e7\u00e3o n\u00ba 06 de 19 de agosto de 2025, de autoria do Vereador Eraldo Preuss da Bancada do Progressista, que prop\u00f5e ao poder Executivo Municipal, atrav\u00e9s da Secretaria Municipal de Obras, Servi\u00e7os P\u00fablicos e Transito, a Instala\u00e7\u00e3o de c\u00e2meras de v\u00eddeo monitoramento nos trevos de acesso a cidade. Encaminhado ao Executivo.<\/p>\n\n\n\n<p><br># Indica\u00e7\u00e3o n\u00ba 07 de 19 de agosto de 2025, de autoria do Vereador Eraldo Preuss da Bancada do Progressista, que prop\u00f5e ao poder Executivo Municipal, Secretaria Municipal de Obras, Servi\u00e7os P\u00fablicos e Tr\u00e2nsito, a viabilidade de instala\u00e7\u00e3o de redutores de velocidade nas ruas A e B do Loteamento Zaloar, localizado na Avenida Lauro Billig de Castilhos. Encaminhado ao Executivo.<\/p>\n\n\n\n<p><br># A presidente Neusa Maria Ravanello BIllig, apresentou sua carta ren\u00fancia a partir de 31 de agosto de 2025.<\/p>\n\n\n\n<p><br>A pr\u00f3xima Sess\u00e3o Ordin\u00e1ria ser\u00e1 realizada no dia 01\/09\/2025, \u00e0s 18h.<br><\/p>\n\n\n\n<p>\u270d Sala da Presid\u00eancia, em 26 de agosto de 2025.<\/p>\n\n\n\n<p>Neusa Maria Ravanello Billig<\/p>\n\n\n\n<p>Presidenta<\/p>\n\n\n\n<p><\/p>\n","protected":false},"excerpt":{"rendered":"<p>\ud83d\udcddNA PAUTA CONSTOU: # Projeto de Lei n\u00b01.600\/2025, que \u201cAltera a estrutura administrativa do Poder Executivo, com altera\u00e7\u00f5es de Secretarias Municipais, e d\u00e1 outras provid\u00eancias\u201d. Aprovado por unanimidade # Projeto de Lei n\u00ba1601\/2025, que \u201cInstitui o Plano Municipal da Cultura (PMC).Baixado nas comiss\u00f5es # Indica\u00e7\u00e3o n\u00ba 04 de 12 de agosto de 2025, de autoria [&hellip;]<\/p>\n","protected":false},"author":6,"featured_media":10373,"comment_status":"open","ping_status":"open","sticky":false,"template":"","format":"standard","meta":{"episode_type":"","audio_file":"","duration":"","filesize":"","date_recorded":"","explicit":"","block":"","filesize_raw":""},"categories":[6],"tags":[],"_links":{"self":[{"href":"https:\/\/www.camaraestrelavelha.rs.gov.br\/portal\/wp-json\/wp\/v2\/posts\/10372"}],"collection":[{"href":"https:\/\/www.camaraestrelavelha.rs.gov.br\/portal\/wp-json\/wp\/v2\/posts"}],"about":[{"href":"https:\/\/www.camaraestrelavelha.rs.gov.br\/portal\/wp-json\/wp\/v2\/types\/post"}],"author":[{"embeddable":true,"href":"https:\/\/www.camaraestrelavelha.rs.gov.br\/portal\/wp-json\/wp\/v2\/users\/6"}],"replies":[{"embeddable":true,"href":"https:\/\/www.camaraestrelavelha.rs.gov.br\/portal\/wp-json\/wp\/v2\/comments?post=10372"}],"version-history":[{"count":1,"href":"https:\/\/www.camaraestrelavelha.rs.gov.br\/portal\/wp-json\/wp\/v2\/posts\/10372\/revisions"}],"predecessor-version":[{"id":10374,"href":"https:\/\/www.camaraestrelavelha.rs.gov.br\/portal\/wp-json\/wp\/v2\/posts\/10372\/revisions\/10374"}],"wp:featuredmedia":[{"embeddable":true,"href":"https:\/\/www.camaraestrelavelha.rs.gov.br\/portal\/wp-json\/wp\/v2\/media\/10373"}],"wp:attachment":[{"href":"https:\/\/www.camaraestrelavelha.rs.gov.br\/portal\/wp-json\/wp\/v2\/media?parent=10372"}],"wp:term":[{"taxonomy":"category","embeddable":true,"href":"https:\/\/www.camaraestrelavelha.rs.gov.br\/portal\/wp-json\/wp\/v2\/categories?post=10372"},{"taxonomy":"post_tag","embeddable":true,"href":"https:\/\/www.camaraestrelavelha.rs.gov.br\/portal\/wp-json\/wp\/v2\/tags?post=10372"}],"curies":[{"name":"wp","href":"https:\/\/api.w.org\/{rel}","templated":true}]}}