{"id":10378,"date":"2025-09-02T09:06:13","date_gmt":"2025-09-02T12:06:13","guid":{"rendered":"https:\/\/www.camaraestrelavelha.rs.gov.br\/portal\/?p=10378"},"modified":"2025-09-02T09:06:15","modified_gmt":"2025-09-02T12:06:15","slug":"resumo-da-19a-sessao-ordinaria-de-2025","status":"publish","type":"post","link":"https:\/\/www.camaraestrelavelha.rs.gov.br\/portal\/2025\/09\/02\/resumo-da-19a-sessao-ordinaria-de-2025\/","title":{"rendered":"RESUMO DA 19\u00aa SESS\u00c3O ORDIN\u00c1RIA DE 2025"},"content":{"rendered":"\n\n\n<p><img loading=\"lazy\" height=\"16\" width=\"16\" alt=\"\ud83d\udcdd\" src=\"https:\/\/static.xx.fbcdn.net\/images\/emoji.php\/v9\/tcc\/1\/16\/1f4dd.png\">NA PAUTA CONSTOU:<\/p>\n\n\n\n<p># Projeto de Lei n\u00ba1601\/2025, que \u201cInstitui o Plano Municipal da Cultura (PMC)\u201d. Aprovado por unanimidade.<\/p>\n\n\n\n<p># Projeto de Lei n\u00ba 1.602\/2025, que \u201cDisp\u00f5e sobre as diretrizes or\u00e7ament\u00e1rias para o exerc\u00edcio financeiro de 2026\u201d. Baixado nas comiss\u00f5es.<\/p>\n\n\n\n<p> A pr\u00f3xima Sess\u00e3o Ordin\u00e1ria ser\u00e1 realizada no dia 16\/09\/2025, \u00e0s 18h.<\/p>\n\n\n\n<p> <img loading=\"lazy\" height=\"16\" width=\"16\" alt=\"\u270d\" src=\"https:\/\/static.xx.fbcdn.net\/images\/emoji.php\/v9\/te2\/1\/16\/270d.png\">Sala da Presid\u00eancia, em 01 de agosto de 2025.<\/p>\n\n\n\n<p>Carlos Jos\u00e9 Somavilla<\/p>\n\n\n\n<p> Presidente<\/p>\n","protected":false},"excerpt":{"rendered":"<p>NA PAUTA CONSTOU: # Projeto de Lei n\u00ba1601\/2025, que \u201cInstitui o Plano Municipal da Cultura (PMC)\u201d. Aprovado por unanimidade. # Projeto de Lei n\u00ba 1.602\/2025, que \u201cDisp\u00f5e sobre as diretrizes or\u00e7ament\u00e1rias para o exerc\u00edcio financeiro de 2026\u201d. Baixado nas comiss\u00f5es. A pr\u00f3xima Sess\u00e3o Ordin\u00e1ria ser\u00e1 realizada no dia 16\/09\/2025, \u00e0s 18h. Sala da Presid\u00eancia, em [&hellip;]<\/p>\n","protected":false},"author":6,"featured_media":10379,"comment_status":"open","ping_status":"open","sticky":false,"template":"","format":"standard","meta":{"episode_type":"","audio_file":"","duration":"","filesize":"","date_recorded":"","explicit":"","block":"","filesize_raw":""},"categories":[6],"tags":[],"_links":{"self":[{"href":"https:\/\/www.camaraestrelavelha.rs.gov.br\/portal\/wp-json\/wp\/v2\/posts\/10378"}],"collection":[{"href":"https:\/\/www.camaraestrelavelha.rs.gov.br\/portal\/wp-json\/wp\/v2\/posts"}],"about":[{"href":"https:\/\/www.camaraestrelavelha.rs.gov.br\/portal\/wp-json\/wp\/v2\/types\/post"}],"author":[{"embeddable":true,"href":"https:\/\/www.camaraestrelavelha.rs.gov.br\/portal\/wp-json\/wp\/v2\/users\/6"}],"replies":[{"embeddable":true,"href":"https:\/\/www.camaraestrelavelha.rs.gov.br\/portal\/wp-json\/wp\/v2\/comments?post=10378"}],"version-history":[{"count":1,"href":"https:\/\/www.camaraestrelavelha.rs.gov.br\/portal\/wp-json\/wp\/v2\/posts\/10378\/revisions"}],"predecessor-version":[{"id":10380,"href":"https:\/\/www.camaraestrelavelha.rs.gov.br\/portal\/wp-json\/wp\/v2\/posts\/10378\/revisions\/10380"}],"wp:featuredmedia":[{"embeddable":true,"href":"https:\/\/www.camaraestrelavelha.rs.gov.br\/portal\/wp-json\/wp\/v2\/media\/10379"}],"wp:attachment":[{"href":"https:\/\/www.camaraestrelavelha.rs.gov.br\/portal\/wp-json\/wp\/v2\/media?parent=10378"}],"wp:term":[{"taxonomy":"category","embeddable":true,"href":"https:\/\/www.camaraestrelavelha.rs.gov.br\/portal\/wp-json\/wp\/v2\/categories?post=10378"},{"taxonomy":"post_tag","embeddable":true,"href":"https:\/\/www.camaraestrelavelha.rs.gov.br\/portal\/wp-json\/wp\/v2\/tags?post=10378"}],"curies":[{"name":"wp","href":"https:\/\/api.w.org\/{rel}","templated":true}]}}