{"id":10403,"date":"2025-09-17T09:14:47","date_gmt":"2025-09-17T12:14:47","guid":{"rendered":"https:\/\/www.camaraestrelavelha.rs.gov.br\/portal\/?p=10403"},"modified":"2025-09-17T09:14:49","modified_gmt":"2025-09-17T12:14:49","slug":"resumo-da-20a-sessao-ordinaria-de-2025","status":"publish","type":"post","link":"https:\/\/www.camaraestrelavelha.rs.gov.br\/portal\/2025\/09\/17\/resumo-da-20a-sessao-ordinaria-de-2025\/","title":{"rendered":"RESUMO DA 20\u00aa SESS\u00c3O ORDIN\u00c1RIA DE 2025"},"content":{"rendered":"\n\n\n<p><img loading=\"lazy\" height=\"16\" width=\"16\" alt=\"\ud83d\udcdd\" src=\"https:\/\/static.xx.fbcdn.net\/images\/emoji.php\/v9\/tcc\/1\/16\/1f4dd.png\">NA PAUTA CONSTOU:<\/p>\n\n\n\n<p># Projeto de Lei n\u00ba 1.603, que \u201cAltera o art. 3\u00ba e os Anexos I e III da Lei Municipal n\u00ba 987, de 10 de outubro de 2011, e d\u00e1 outras provid\u00eancias. Baixado nas comiss\u00f5es.<\/p>\n\n\n\n<p> A pr\u00f3xima Sess\u00e3o Ordin\u00e1ria ser\u00e1 realizada no dia 30\/09\/2025, \u00e0s 18h.<\/p>\n\n\n\n<p> Sala da Presid\u00eancia, em 17 de agosto de 2025.<\/p>\n\n\n\n<p>Carlos Jos\u00e9 Somavilla <\/p>\n\n\n\n<p>Presidente<\/p>\n","protected":false},"excerpt":{"rendered":"<p>NA PAUTA CONSTOU: # Projeto de Lei n\u00ba 1.603, que \u201cAltera o art. 3\u00ba e os Anexos I e III da Lei Municipal n\u00ba 987, de 10 de outubro de 2011, e d\u00e1 outras provid\u00eancias. Baixado nas comiss\u00f5es. A pr\u00f3xima Sess\u00e3o Ordin\u00e1ria ser\u00e1 realizada no dia 30\/09\/2025, \u00e0s 18h. Sala da Presid\u00eancia, em 17 de [&hellip;]<\/p>\n","protected":false},"author":6,"featured_media":10404,"comment_status":"open","ping_status":"open","sticky":false,"template":"","format":"standard","meta":{"episode_type":"","audio_file":"","duration":"","filesize":"","date_recorded":"","explicit":"","block":"","filesize_raw":""},"categories":[6],"tags":[],"_links":{"self":[{"href":"https:\/\/www.camaraestrelavelha.rs.gov.br\/portal\/wp-json\/wp\/v2\/posts\/10403"}],"collection":[{"href":"https:\/\/www.camaraestrelavelha.rs.gov.br\/portal\/wp-json\/wp\/v2\/posts"}],"about":[{"href":"https:\/\/www.camaraestrelavelha.rs.gov.br\/portal\/wp-json\/wp\/v2\/types\/post"}],"author":[{"embeddable":true,"href":"https:\/\/www.camaraestrelavelha.rs.gov.br\/portal\/wp-json\/wp\/v2\/users\/6"}],"replies":[{"embeddable":true,"href":"https:\/\/www.camaraestrelavelha.rs.gov.br\/portal\/wp-json\/wp\/v2\/comments?post=10403"}],"version-history":[{"count":1,"href":"https:\/\/www.camaraestrelavelha.rs.gov.br\/portal\/wp-json\/wp\/v2\/posts\/10403\/revisions"}],"predecessor-version":[{"id":10405,"href":"https:\/\/www.camaraestrelavelha.rs.gov.br\/portal\/wp-json\/wp\/v2\/posts\/10403\/revisions\/10405"}],"wp:featuredmedia":[{"embeddable":true,"href":"https:\/\/www.camaraestrelavelha.rs.gov.br\/portal\/wp-json\/wp\/v2\/media\/10404"}],"wp:attachment":[{"href":"https:\/\/www.camaraestrelavelha.rs.gov.br\/portal\/wp-json\/wp\/v2\/media?parent=10403"}],"wp:term":[{"taxonomy":"category","embeddable":true,"href":"https:\/\/www.camaraestrelavelha.rs.gov.br\/portal\/wp-json\/wp\/v2\/categories?post=10403"},{"taxonomy":"post_tag","embeddable":true,"href":"https:\/\/www.camaraestrelavelha.rs.gov.br\/portal\/wp-json\/wp\/v2\/tags?post=10403"}],"curies":[{"name":"wp","href":"https:\/\/api.w.org\/{rel}","templated":true}]}}