{"id":10457,"date":"2025-10-22T09:49:12","date_gmt":"2025-10-22T12:49:12","guid":{"rendered":"https:\/\/www.camaraestrelavelha.rs.gov.br\/portal\/?p=10457"},"modified":"2025-10-22T09:49:14","modified_gmt":"2025-10-22T12:49:14","slug":"resumo-da-23a-sessao-ordinaria-de-2025","status":"publish","type":"post","link":"https:\/\/www.camaraestrelavelha.rs.gov.br\/portal\/2025\/10\/22\/resumo-da-23a-sessao-ordinaria-de-2025\/","title":{"rendered":"RESUMO DA 23\u00aa SESS\u00c3O ORDIN\u00c1RIA DE 2025"},"content":{"rendered":"\n\n\n<p>NA PAUTA CONSTOU:<\/p>\n\n\n\n<p># Proposta de Emenda \u00e0 Lei Org\u00e2nica Municipal de Estrela Velha N\u00ba 02, de 22 de setembro de 2025, que \u201cAltera a reda\u00e7\u00e3o dos \u00a7\u00a7 15,16,17 e 18, altera o \u00a7 19 e acrescenta os incisos I, II, III e revoga o \u00a7 20 do art. 86 da Emenda \u00e0 Lei Org\u00e2nica Municipal de Estrela Velha n\u00ba 01 de 15 de outubro de 2024. Aprovado por 6 votos favor\u00e1veis e 3 contr\u00e1rios.<\/p>\n\n\n\n<p># Proposta de Emenda \u00e0 Lei Org\u00e2nica Municipal de Estrela Velha N\u00ba 03, de 06 de outubro de 2025, que \u201cD\u00e1 nova reda\u00e7\u00e3o ao \u00a72\u00ba, do art. 29 da Emenda \u00e0 Lei Org\u00e2nica Municipal de Estrela Velha.\u201d Aprovado por unanimidade.<\/p>\n\n\n\n<p>&nbsp;# Projeto de Lei n\u00ba 1.605, de 2025, que \u201cAutoriza contrata\u00e7\u00e3o tempor\u00e1ria de servidores, por excepcional interesse p\u00fablico, e d\u00e1 outras provid\u00eancias\u201d Aprovado por unanimidade.<\/p>\n\n\n\n<p># Projeto de Lei n\u00ba 1.606, de 2025, que \u201cAutoriza a abertura de cr\u00e9dito especial no montante de dezoito mil e quinhentos e quarenta reais\u201d. Aprovado por unanimidade<\/p>\n\n\n\n<p># Projeto de Resolu\u00e7\u00e3o n\u00ba 01, de 06 de outubro de 2025, que \u201cAltera a reda\u00e7\u00e3o do art. 17, do Regimento Interno da C\u00e2mara de Vereadores do Munic\u00edpio de Estrela Velha\u201d. Aprovado por unanimidade.<\/p>\n\n\n\n<p># Projeto de Lei n\u00ba 1.607, de 2025, que \u201cAutoriza o Munic\u00edpio celebrar Termo de Concess\u00e3o de Uso de ve\u00edculo com o Sindicato dos Trabalhadores Agricultores Familiares de Estrela Velha, e d\u00e1 outras providencias\u201d. Baixado nas camis\u00f5es.<\/p>\n\n\n\n<p>A pr\u00f3xima Sess\u00e3o Ordin\u00e1ria ser\u00e1 realizada no dia 28\/10\/2025, \u00e0s 19h.<\/p>\n\n\n\n<p>Sala da Presid\u00eancia, em 22 de Outubro de 2025.<\/p>\n\n\n\n<p>Carlos Jos\u00e9 Somavilla<\/p>\n\n\n\n<p>Presidente<\/p>\n","protected":false},"excerpt":{"rendered":"<p>NA PAUTA CONSTOU: # Proposta de Emenda \u00e0 Lei Org\u00e2nica Municipal de Estrela Velha N\u00ba 02, de 22 de setembro de 2025, que \u201cAltera a reda\u00e7\u00e3o dos \u00a7\u00a7 15,16,17 e 18, altera o \u00a7 19 e acrescenta os incisos I, II, III e revoga o \u00a7 20 do art. 86 da Emenda \u00e0 Lei Org\u00e2nica [&hellip;]<\/p>\n","protected":false},"author":6,"featured_media":10458,"comment_status":"open","ping_status":"open","sticky":false,"template":"","format":"standard","meta":{"episode_type":"","audio_file":"","duration":"","filesize":"","date_recorded":"","explicit":"","block":"","filesize_raw":""},"categories":[6],"tags":[],"_links":{"self":[{"href":"https:\/\/www.camaraestrelavelha.rs.gov.br\/portal\/wp-json\/wp\/v2\/posts\/10457"}],"collection":[{"href":"https:\/\/www.camaraestrelavelha.rs.gov.br\/portal\/wp-json\/wp\/v2\/posts"}],"about":[{"href":"https:\/\/www.camaraestrelavelha.rs.gov.br\/portal\/wp-json\/wp\/v2\/types\/post"}],"author":[{"embeddable":true,"href":"https:\/\/www.camaraestrelavelha.rs.gov.br\/portal\/wp-json\/wp\/v2\/users\/6"}],"replies":[{"embeddable":true,"href":"https:\/\/www.camaraestrelavelha.rs.gov.br\/portal\/wp-json\/wp\/v2\/comments?post=10457"}],"version-history":[{"count":1,"href":"https:\/\/www.camaraestrelavelha.rs.gov.br\/portal\/wp-json\/wp\/v2\/posts\/10457\/revisions"}],"predecessor-version":[{"id":10459,"href":"https:\/\/www.camaraestrelavelha.rs.gov.br\/portal\/wp-json\/wp\/v2\/posts\/10457\/revisions\/10459"}],"wp:featuredmedia":[{"embeddable":true,"href":"https:\/\/www.camaraestrelavelha.rs.gov.br\/portal\/wp-json\/wp\/v2\/media\/10458"}],"wp:attachment":[{"href":"https:\/\/www.camaraestrelavelha.rs.gov.br\/portal\/wp-json\/wp\/v2\/media?parent=10457"}],"wp:term":[{"taxonomy":"category","embeddable":true,"href":"https:\/\/www.camaraestrelavelha.rs.gov.br\/portal\/wp-json\/wp\/v2\/categories?post=10457"},{"taxonomy":"post_tag","embeddable":true,"href":"https:\/\/www.camaraestrelavelha.rs.gov.br\/portal\/wp-json\/wp\/v2\/tags?post=10457"}],"curies":[{"name":"wp","href":"https:\/\/api.w.org\/{rel}","templated":true}]}}