{"id":10471,"date":"2025-10-29T08:35:27","date_gmt":"2025-10-29T11:35:27","guid":{"rendered":"https:\/\/www.camaraestrelavelha.rs.gov.br\/portal\/?p=10471"},"modified":"2025-10-29T08:35:48","modified_gmt":"2025-10-29T11:35:48","slug":"resumo-da-23a-sessao-ordinaria-de-2025-2","status":"publish","type":"post","link":"https:\/\/www.camaraestrelavelha.rs.gov.br\/portal\/2025\/10\/29\/resumo-da-23a-sessao-ordinaria-de-2025-2\/","title":{"rendered":"RESUMO DA 24\u00aa SESS\u00c3O ORDIN\u00c1RIA DE 2025"},"content":{"rendered":"<p>NA PAUTA CONSTOU:<\/p>\n<p># Projeto de Lei n\u00ba 1.607, de 2025, que \u201cAutoriza o Munic\u00edpio celebrar Termo de Concess\u00e3o de Uso de ve\u00edculo com o Sindicato dos Trabalhadores Agricultores Familiares de Estrela Velha, e d\u00e1 outras providencias\u201d. Aprovado por unanimidade.<\/p>\n<p>A pr\u00f3xima Sess\u00e3o Ordin\u00e1ria ser\u00e1 realizada no dia 04\/11\/2025, \u00e0s 19h.<\/p>\n<p>Sala da Presid\u00eancia, em 29 de Outubro de 2025.<\/p>\n<p>Carlos Jos\u00e9 Somavilla<\/p>\n<p>Presidente<\/p>\n","protected":false},"excerpt":{"rendered":"<p>NA PAUTA CONSTOU: # Projeto de Lei n\u00ba 1.607, de 2025, que \u201cAutoriza o Munic\u00edpio celebrar Termo de Concess\u00e3o de Uso de ve\u00edculo com o Sindicato dos Trabalhadores Agricultores Familiares de Estrela Velha, e d\u00e1 outras providencias\u201d. Aprovado por unanimidade. A pr\u00f3xima Sess\u00e3o Ordin\u00e1ria ser\u00e1 realizada no dia 04\/11\/2025, \u00e0s 19h. Sala da Presid\u00eancia, em [&hellip;]<\/p>\n","protected":false},"author":6,"featured_media":10472,"comment_status":"open","ping_status":"open","sticky":false,"template":"","format":"standard","meta":{"episode_type":"","audio_file":"","duration":"","filesize":"","date_recorded":"","explicit":"","block":"","filesize_raw":""},"categories":[6],"tags":[],"_links":{"self":[{"href":"https:\/\/www.camaraestrelavelha.rs.gov.br\/portal\/wp-json\/wp\/v2\/posts\/10471"}],"collection":[{"href":"https:\/\/www.camaraestrelavelha.rs.gov.br\/portal\/wp-json\/wp\/v2\/posts"}],"about":[{"href":"https:\/\/www.camaraestrelavelha.rs.gov.br\/portal\/wp-json\/wp\/v2\/types\/post"}],"author":[{"embeddable":true,"href":"https:\/\/www.camaraestrelavelha.rs.gov.br\/portal\/wp-json\/wp\/v2\/users\/6"}],"replies":[{"embeddable":true,"href":"https:\/\/www.camaraestrelavelha.rs.gov.br\/portal\/wp-json\/wp\/v2\/comments?post=10471"}],"version-history":[{"count":2,"href":"https:\/\/www.camaraestrelavelha.rs.gov.br\/portal\/wp-json\/wp\/v2\/posts\/10471\/revisions"}],"predecessor-version":[{"id":10475,"href":"https:\/\/www.camaraestrelavelha.rs.gov.br\/portal\/wp-json\/wp\/v2\/posts\/10471\/revisions\/10475"}],"wp:featuredmedia":[{"embeddable":true,"href":"https:\/\/www.camaraestrelavelha.rs.gov.br\/portal\/wp-json\/wp\/v2\/media\/10472"}],"wp:attachment":[{"href":"https:\/\/www.camaraestrelavelha.rs.gov.br\/portal\/wp-json\/wp\/v2\/media?parent=10471"}],"wp:term":[{"taxonomy":"category","embeddable":true,"href":"https:\/\/www.camaraestrelavelha.rs.gov.br\/portal\/wp-json\/wp\/v2\/categories?post=10471"},{"taxonomy":"post_tag","embeddable":true,"href":"https:\/\/www.camaraestrelavelha.rs.gov.br\/portal\/wp-json\/wp\/v2\/tags?post=10471"}],"curies":[{"name":"wp","href":"https:\/\/api.w.org\/{rel}","templated":true}]}}