{"id":10527,"date":"2025-11-24T10:29:43","date_gmt":"2025-11-24T13:29:43","guid":{"rendered":"https:\/\/www.camaraestrelavelha.rs.gov.br\/portal\/?p=10527"},"modified":"2025-11-24T10:29:45","modified_gmt":"2025-11-24T13:29:45","slug":"pauta-da-27o-sessao-ordinaria-de-2025","status":"publish","type":"post","link":"https:\/\/www.camaraestrelavelha.rs.gov.br\/portal\/2025\/11\/24\/pauta-da-27o-sessao-ordinaria-de-2025\/","title":{"rendered":"PAUTA DA 27\u00ba SESS\u00c3O ORDIN\u00c1RIA DE 2025."},"content":{"rendered":"<hr \/>\n<div class=\"xdj266r x14z9mp xat24cr x1lziwak x1vvkbs x126k92a\">\n<div dir=\"auto\"><span class=\"html-span xexx8yu xyri2b x18d9i69 x1c1uobl x1hl2dhg x16tdsg8 x1vvkbs x3nfvp2 x1j61x8r x1fcty0u xdj266r xat24cr xm2jcoa x1mpyi22 xxymvpz xlup9mm x1kky2od\"><img loading=\"lazy\" class=\"xz74otr x15mokao x1ga7v0g x16uus16 xbiv7yw\" src=\"https:\/\/static.xx.fbcdn.net\/images\/emoji.php\/v9\/tcc\/1\/16\/1f4dd.png\" alt=\"\ud83d\udcdd\" width=\"16\" height=\"16\" \/><\/span>PAUTA:<\/div>\n<div dir=\"auto\">\u00a0<\/div>\n<\/div>\n<div class=\"x14z9mp xat24cr x1lziwak x1vvkbs xtlvy1s x126k92a\">\n<div dir=\"auto\"># Mo\u00e7\u00e3o de Apoio n\u00ba 04 de 18 de novembro de 2025, de autoria da Vereadores da Bancada do MDB e Progressistas, apresentam a Mo\u00e7\u00e3o de Apoio ao Projeto de Lei Complementar n\u00ba 67\/2025, de autoria do Deputado Federal Heitor Schuch, Que prop\u00f5e a altera\u00e7\u00e3o do art. 18-A da Lei Complementar n\u00ba 123\/2006, ampliando para R$ 150.000,00 (cento e cinquenta mil reais) o limite de receita bruta anual para o enquadramento do empreendedor individual como Microempreendedor Individual (MEI), al\u00e9m de instituir um mecanismo de atualiza\u00e7\u00e3o anual autom\u00e1tica desse valor, corrigindo assim a defasagem acumulada ao longo dos anos.<\/div>\n<div dir=\"auto\">\u00a0<\/div>\n<\/div>\n<div class=\"x14z9mp xat24cr x1lziwak x1vvkbs xtlvy1s x126k92a\">\n<div dir=\"auto\"><span class=\"html-span xexx8yu xyri2b x18d9i69 x1c1uobl x1hl2dhg x16tdsg8 x1vvkbs x3nfvp2 x1j61x8r x1fcty0u xdj266r xat24cr xm2jcoa x1mpyi22 xxymvpz xlup9mm x1kky2od\"><img loading=\"lazy\" class=\"xz74otr x15mokao x1ga7v0g x16uus16 xbiv7yw\" src=\"https:\/\/static.xx.fbcdn.net\/images\/emoji.php\/v9\/te2\/1\/16\/270d.png\" alt=\"\u270d\" width=\"16\" height=\"16\" \/><\/span>ORDEM DO DIA:<\/div>\n<div dir=\"auto\">\u00a0<\/div>\n<\/div>\n<div class=\"x14z9mp xat24cr x1lziwak x1vvkbs xtlvy1s x126k92a\">\n<div dir=\"auto\"># Mo\u00e7\u00e3o de Apoio n\u00ba 04 de 18 de novembro de 2025, de autoria da Vereadores da Bancada do MDB e Progressistas, apresentam a Mo\u00e7\u00e3o de Apoio ao Projeto de Lei Complementar n\u00ba 67\/2025, de autoria do Deputado Federal Heitor Schuch, Que prop\u00f5e a altera\u00e7\u00e3o do art. 18-A da Lei Complementar n\u00ba 123\/2006, ampliando para R$ 150.000,00 (cento e cinquenta mil reais) o limite de receita bruta anual para o enquadramento do empreendedor individual como Microempreendedor Individual (MEI), al\u00e9m de instituir um mecanismo de atualiza\u00e7\u00e3o anual autom\u00e1tica desse valor, corrigindo assim a defasagem acumulada ao longo dos anos.<\/div>\n<\/div>\n<div dir=\"auto\">\u00a0<\/div>\n<div dir=\"auto\">\u00a0<\/div>\n<div class=\"x14z9mp xat24cr x1lziwak x1vvkbs xtlvy1s x126k92a\">\n<div dir=\"auto\"><span class=\"html-span xexx8yu xyri2b x18d9i69 x1c1uobl x1hl2dhg x16tdsg8 x1vvkbs x3nfvp2 x1j61x8r x1fcty0u xdj266r xat24cr xm2jcoa x1mpyi22 xxymvpz xlup9mm x1kky2od\"><img loading=\"lazy\" class=\"xz74otr x15mokao x1ga7v0g x16uus16 xbiv7yw\" src=\"https:\/\/static.xx.fbcdn.net\/images\/emoji.php\/v9\/te2\/1\/16\/270d.png\" alt=\"\u270d\" width=\"16\" height=\"16\" \/><\/span>Sala da Presid\u00eancia, em 24 de novembro de 2025.<\/div>\n<div dir=\"auto\">Carlos Jos\u00e9 Somavilla<\/div>\n<div dir=\"auto\">Presidente<\/div>\n<\/div>\n\n\n<p><\/p>\n","protected":false},"excerpt":{"rendered":"<p>PAUTA: \u00a0 # Mo\u00e7\u00e3o de Apoio n\u00ba 04 de 18 de novembro de 2025, de autoria da Vereadores da Bancada do MDB e Progressistas, apresentam a Mo\u00e7\u00e3o de Apoio ao Projeto de Lei Complementar n\u00ba 67\/2025, de autoria do Deputado Federal Heitor Schuch, Que prop\u00f5e a altera\u00e7\u00e3o do art. 18-A da Lei Complementar n\u00ba 123\/2006, [&hellip;]<\/p>\n","protected":false},"author":6,"featured_media":10528,"comment_status":"open","ping_status":"open","sticky":false,"template":"","format":"standard","meta":{"episode_type":"","audio_file":"","duration":"","filesize":"","date_recorded":"","explicit":"","block":"","filesize_raw":""},"categories":[7],"tags":[],"_links":{"self":[{"href":"https:\/\/www.camaraestrelavelha.rs.gov.br\/portal\/wp-json\/wp\/v2\/posts\/10527"}],"collection":[{"href":"https:\/\/www.camaraestrelavelha.rs.gov.br\/portal\/wp-json\/wp\/v2\/posts"}],"about":[{"href":"https:\/\/www.camaraestrelavelha.rs.gov.br\/portal\/wp-json\/wp\/v2\/types\/post"}],"author":[{"embeddable":true,"href":"https:\/\/www.camaraestrelavelha.rs.gov.br\/portal\/wp-json\/wp\/v2\/users\/6"}],"replies":[{"embeddable":true,"href":"https:\/\/www.camaraestrelavelha.rs.gov.br\/portal\/wp-json\/wp\/v2\/comments?post=10527"}],"version-history":[{"count":1,"href":"https:\/\/www.camaraestrelavelha.rs.gov.br\/portal\/wp-json\/wp\/v2\/posts\/10527\/revisions"}],"predecessor-version":[{"id":10529,"href":"https:\/\/www.camaraestrelavelha.rs.gov.br\/portal\/wp-json\/wp\/v2\/posts\/10527\/revisions\/10529"}],"wp:featuredmedia":[{"embeddable":true,"href":"https:\/\/www.camaraestrelavelha.rs.gov.br\/portal\/wp-json\/wp\/v2\/media\/10528"}],"wp:attachment":[{"href":"https:\/\/www.camaraestrelavelha.rs.gov.br\/portal\/wp-json\/wp\/v2\/media?parent=10527"}],"wp:term":[{"taxonomy":"category","embeddable":true,"href":"https:\/\/www.camaraestrelavelha.rs.gov.br\/portal\/wp-json\/wp\/v2\/categories?post=10527"},{"taxonomy":"post_tag","embeddable":true,"href":"https:\/\/www.camaraestrelavelha.rs.gov.br\/portal\/wp-json\/wp\/v2\/tags?post=10527"}],"curies":[{"name":"wp","href":"https:\/\/api.w.org\/{rel}","templated":true}]}}