{"id":10536,"date":"2025-12-01T09:49:39","date_gmt":"2025-12-01T12:49:39","guid":{"rendered":"https:\/\/www.camaraestrelavelha.rs.gov.br\/portal\/?p=10536"},"modified":"2025-12-01T09:49:41","modified_gmt":"2025-12-01T12:49:41","slug":"pauta-da-28o-sessao-ordinaria-de-2025","status":"publish","type":"post","link":"https:\/\/www.camaraestrelavelha.rs.gov.br\/portal\/2025\/12\/01\/pauta-da-28o-sessao-ordinaria-de-2025\/","title":{"rendered":"PAUTA DA 28\u00ba SESS\u00c3O ORDIN\u00c1RIA DE 2025."},"content":{"rendered":"\n\n\n<p><img loading=\"lazy\" height=\"16\" width=\"16\" alt=\"\ud83d\udcdd\" src=\"https:\/\/static.xx.fbcdn.net\/images\/emoji.php\/v9\/tcc\/1\/16\/1f4dd.png\">PAUTA:<\/p>\n\n\n\n<p># Projeto de Lei n\u00ba 1.611, de 27 de novembro de 2025, que \u201cAutoriza a abertura de cr\u00e9dito especial no montante de cinquenta e nove mil reais e quatrocentos e setenta e um reais e setenta e seis centavos.\u201d<\/p>\n\n\n\n<p># Projeto de Lei n\u00ba 1.612, de 27 de novembro de 2025, que \u201cAutoriza a abertura de cr\u00e9dito especial no montante de trezentos mil reais.\u201d<\/p>\n\n\n\n<p># Indica\u00e7\u00e3o n\u00ba 08 de 28 de novembro de 2025 de autoria da Vereadora Neusa Maria Ravanello Billig da Bancada do MDB, que prop\u00f5e ao poder Executivo Municipal, atrav\u00e9s da Secretaria Municipal de Obras, Servi\u00e7os P\u00fablicos e Transito, a instala\u00e7\u00e3o de placas de sinaliza\u00e7\u00e3o, nas localidades do interior do Munic\u00edpio, especialmente nas vias de acesso principal, estradas vicinais e pontos de bifurca\u00e7\u00e3o que atualmente carecem de identifica\u00e7\u00e3o clara.<\/p>\n\n\n\n<p> <img loading=\"lazy\" height=\"16\" width=\"16\" alt=\"\ud83d\udcdd\" src=\"https:\/\/static.xx.fbcdn.net\/images\/emoji.php\/v9\/tcc\/1\/16\/1f4dd.png\">ORDEM DO DIA:<\/p>\n\n\n\n<p># Indica\u00e7\u00e3o n\u00ba 08 de 28 de novembro de 2025 de autoria da Vereadora Neusa Maria Ravanello Billig da Bancada do MDB, que prop\u00f5e ao poder Executivo Municipal, atrav\u00e9s da Secretaria Municipal de Obras, Servi\u00e7os P\u00fablicos e Transito, a instala\u00e7\u00e3o de placas de sinaliza\u00e7\u00e3o, nas localidades do interior do Munic\u00edpio, especialmente nas vias de acesso principal, estradas vicinais e pontos de bifurca\u00e7\u00e3o que atualmente carecem de identifica\u00e7\u00e3o clara.<\/p>\n\n\n\n<p> <img loading=\"lazy\" height=\"16\" width=\"16\" alt=\"\u270d\" src=\"https:\/\/static.xx.fbcdn.net\/images\/emoji.php\/v9\/te2\/1\/16\/270d.png\">Sala da Presid\u00eancia, em 01 de Dezembro de 2025.<\/p>\n\n\n\n<p>Carlos Jos\u00e9 Somavilla<\/p>\n\n\n\n<p>Presidente<\/p>\n","protected":false},"excerpt":{"rendered":"<p>PAUTA: # Projeto de Lei n\u00ba 1.611, de 27 de novembro de 2025, que \u201cAutoriza a abertura de cr\u00e9dito especial no montante de cinquenta e nove mil reais e quatrocentos e setenta e um reais e setenta e seis centavos.\u201d # Projeto de Lei n\u00ba 1.612, de 27 de novembro de 2025, que \u201cAutoriza a [&hellip;]<\/p>\n","protected":false},"author":6,"featured_media":10537,"comment_status":"open","ping_status":"open","sticky":false,"template":"","format":"standard","meta":{"episode_type":"","audio_file":"","duration":"","filesize":"","date_recorded":"","explicit":"","block":"","filesize_raw":""},"categories":[7],"tags":[],"_links":{"self":[{"href":"https:\/\/www.camaraestrelavelha.rs.gov.br\/portal\/wp-json\/wp\/v2\/posts\/10536"}],"collection":[{"href":"https:\/\/www.camaraestrelavelha.rs.gov.br\/portal\/wp-json\/wp\/v2\/posts"}],"about":[{"href":"https:\/\/www.camaraestrelavelha.rs.gov.br\/portal\/wp-json\/wp\/v2\/types\/post"}],"author":[{"embeddable":true,"href":"https:\/\/www.camaraestrelavelha.rs.gov.br\/portal\/wp-json\/wp\/v2\/users\/6"}],"replies":[{"embeddable":true,"href":"https:\/\/www.camaraestrelavelha.rs.gov.br\/portal\/wp-json\/wp\/v2\/comments?post=10536"}],"version-history":[{"count":1,"href":"https:\/\/www.camaraestrelavelha.rs.gov.br\/portal\/wp-json\/wp\/v2\/posts\/10536\/revisions"}],"predecessor-version":[{"id":10538,"href":"https:\/\/www.camaraestrelavelha.rs.gov.br\/portal\/wp-json\/wp\/v2\/posts\/10536\/revisions\/10538"}],"wp:featuredmedia":[{"embeddable":true,"href":"https:\/\/www.camaraestrelavelha.rs.gov.br\/portal\/wp-json\/wp\/v2\/media\/10537"}],"wp:attachment":[{"href":"https:\/\/www.camaraestrelavelha.rs.gov.br\/portal\/wp-json\/wp\/v2\/media?parent=10536"}],"wp:term":[{"taxonomy":"category","embeddable":true,"href":"https:\/\/www.camaraestrelavelha.rs.gov.br\/portal\/wp-json\/wp\/v2\/categories?post=10536"},{"taxonomy":"post_tag","embeddable":true,"href":"https:\/\/www.camaraestrelavelha.rs.gov.br\/portal\/wp-json\/wp\/v2\/tags?post=10536"}],"curies":[{"name":"wp","href":"https:\/\/api.w.org\/{rel}","templated":true}]}}