{"id":10563,"date":"2025-12-16T10:45:11","date_gmt":"2025-12-16T13:45:11","guid":{"rendered":"https:\/\/www.camaraestrelavelha.rs.gov.br\/portal\/?p=10563"},"modified":"2025-12-16T10:45:14","modified_gmt":"2025-12-16T13:45:14","slug":"resumo-da-30a-sessao-ordinaria-de-2025","status":"publish","type":"post","link":"https:\/\/www.camaraestrelavelha.rs.gov.br\/portal\/2025\/12\/16\/resumo-da-30a-sessao-ordinaria-de-2025\/","title":{"rendered":"RESUMO DA 30\u00aa SESS\u00c3O ORDIN\u00c1RIA DE 2025."},"content":{"rendered":"\n\n\n<p>&nbsp;NA PAUTA CONSTOU:<\/p>\n\n\n\n<p># Emendas Impositivas individuais ao projeto de Lei 1.608\/2025. Aprovado por Unanimidade.<\/p>\n\n\n\n<p># Projeto de Lei n\u00ba 1.608, de 2025, que \u201cEstima a receita e fixa a despesa do munic\u00edpio de Estrela Velha para o exerc\u00edcio financeiro de 2026.\u201d Aprovado por Unanimidade.<\/p>\n\n\n\n<p># Projeto de Lei n\u00ba 1.610, de 2025, que \u201cAltera a reda\u00e7\u00e3o de artigo e acrescenta \u00a7\u00a7 nas Leis Municipais n\u00bas 620\/ 2025, 1.012\/2012, 1.270\/2017e 1.287\/2017, e d\u00e1 outras providencias.\u201d Solicitado vistas pelo Vereador Jos\u00e9 Aldair e concedido.<\/p>\n\n\n\n<p># Projeto de Lei n\u00ba 1.614, de 11 de dezembro de 2025, que \u201cAutoriza a abertura de cr\u00e9dito especial no montante de cem mil reais.\u201d Aprovado por Unanimidade.<\/p>\n\n\n\n<p># Projeto de Lei n\u00ba 1.613, de 27 de novembro de 2025, que \u201cAutoriza a contrata\u00e7\u00e3o tempor\u00e1ria de servidores, por excepcional interesse p\u00fablico, e d\u00e1 outras provid\u00eancias\u201d. Aprovado por Unanimidade<\/p>\n\n\n\n<p># Elei\u00e7\u00e3o da mesa diretora para o ano de 2026. Aprovado por Unanimidade<\/p>\n\n\n\n<p>Presidente: Carlos Jose Somavilla. (MDB)<\/p>\n\n\n\n<p>Vice \u2013 presidente: Leston Manske. (MDB)<\/p>\n\n\n\n<p>Secreta\u00e1rio: Ezequiel Somavilla. (MDB)<\/p>\n\n\n\n<p>2\u00ba Secret\u00e1rio: Jackson Rafael Ravanello. (MDB)<\/p>\n\n\n\n<p><\/p>\n\n\n\n<p>A pr\u00f3xima Sess\u00e3o Ordin\u00e1ria ser\u00e1 realizada no dia 02\/02\/26, \u00e0s 19h.<\/p>\n\n\n\n<p><\/p>\n\n\n\n<p>Sala da Presid\u00eancia, em 16 Dezembro de 2025.<\/p>\n\n\n\n<p>Carlos Jos\u00e9 Somavilla<\/p>\n\n\n\n<p>Presidente<\/p>\n\n\n\n<p><a href=\"https:\/\/www.facebook.com\/photo\/?fbid=1151608126982699&amp;set=a.751713123638870&amp;__cft__%5b0%5d=AZVJqw79IPcs4ue2Re2KvI2u3MNsMdLeanFywLC75J4l1RQCxOFwP2Lhilz6TYjYYwMPGEzIxu__ip48wFGdk5w_FNRWUTUD3H_NGcYpFAVNMG89icYfPGjEsxTuj3PjpPPPTX4ywFhb1b0rtDHX6hgTIbM4HWMuHu6x9RrwvEQ7uU9SDbnO9ESspj7Q3VnnMEokX4A8R2hETyy3xKgykuqj&amp;__tn__=EH-R\"><\/a><\/p>\n\n\n\n<p><a href=\"https:\/\/www.facebook.com\/photo\/?fbid=1151608126982699&amp;set=a.751713123638870&amp;__cft__%5b0%5d=AZVJqw79IPcs4ue2Re2KvI2u3MNsMdLeanFywLC75J4l1RQCxOFwP2Lhilz6TYjYYwMPGEzIxu__ip48wFGdk5w_FNRWUTUD3H_NGcYpFAVNMG89icYfPGjEsxTuj3PjpPPPTX4ywFhb1b0rtDHX6hgTIbM4HWMuHu6x9RrwvEQ7uU9SDbnO9ESspj7Q3VnnMEokX4A8R2hETyy3xKgykuqj&amp;__tn__=EH-R\">&nbsp;<\/a><\/p>\n","protected":false},"excerpt":{"rendered":"<p>&nbsp;NA PAUTA CONSTOU: # Emendas Impositivas individuais ao projeto de Lei 1.608\/2025. Aprovado por Unanimidade. # Projeto de Lei n\u00ba 1.608, de 2025, que \u201cEstima a receita e fixa a despesa do munic\u00edpio de Estrela Velha para o exerc\u00edcio financeiro de 2026.\u201d Aprovado por Unanimidade. # Projeto de Lei n\u00ba 1.610, de 2025, que \u201cAltera [&hellip;]<\/p>\n","protected":false},"author":6,"featured_media":10564,"comment_status":"open","ping_status":"open","sticky":false,"template":"","format":"standard","meta":{"episode_type":"","audio_file":"","duration":"","filesize":"","date_recorded":"","explicit":"","block":"","filesize_raw":""},"categories":[6],"tags":[],"_links":{"self":[{"href":"https:\/\/www.camaraestrelavelha.rs.gov.br\/portal\/wp-json\/wp\/v2\/posts\/10563"}],"collection":[{"href":"https:\/\/www.camaraestrelavelha.rs.gov.br\/portal\/wp-json\/wp\/v2\/posts"}],"about":[{"href":"https:\/\/www.camaraestrelavelha.rs.gov.br\/portal\/wp-json\/wp\/v2\/types\/post"}],"author":[{"embeddable":true,"href":"https:\/\/www.camaraestrelavelha.rs.gov.br\/portal\/wp-json\/wp\/v2\/users\/6"}],"replies":[{"embeddable":true,"href":"https:\/\/www.camaraestrelavelha.rs.gov.br\/portal\/wp-json\/wp\/v2\/comments?post=10563"}],"version-history":[{"count":1,"href":"https:\/\/www.camaraestrelavelha.rs.gov.br\/portal\/wp-json\/wp\/v2\/posts\/10563\/revisions"}],"predecessor-version":[{"id":10565,"href":"https:\/\/www.camaraestrelavelha.rs.gov.br\/portal\/wp-json\/wp\/v2\/posts\/10563\/revisions\/10565"}],"wp:featuredmedia":[{"embeddable":true,"href":"https:\/\/www.camaraestrelavelha.rs.gov.br\/portal\/wp-json\/wp\/v2\/media\/10564"}],"wp:attachment":[{"href":"https:\/\/www.camaraestrelavelha.rs.gov.br\/portal\/wp-json\/wp\/v2\/media?parent=10563"}],"wp:term":[{"taxonomy":"category","embeddable":true,"href":"https:\/\/www.camaraestrelavelha.rs.gov.br\/portal\/wp-json\/wp\/v2\/categories?post=10563"},{"taxonomy":"post_tag","embeddable":true,"href":"https:\/\/www.camaraestrelavelha.rs.gov.br\/portal\/wp-json\/wp\/v2\/tags?post=10563"}],"curies":[{"name":"wp","href":"https:\/\/api.w.org\/{rel}","templated":true}]}}