{"id":10591,"date":"2026-01-22T09:19:48","date_gmt":"2026-01-22T12:19:48","guid":{"rendered":"https:\/\/www.camaraestrelavelha.rs.gov.br\/portal\/?p=10591"},"modified":"2026-02-03T14:52:04","modified_gmt":"2026-02-03T17:52:04","slug":"pauta-da-01o-sessao-extraordinaria-de-2025","status":"publish","type":"post","link":"https:\/\/www.camaraestrelavelha.rs.gov.br\/portal\/2026\/01\/22\/pauta-da-01o-sessao-extraordinaria-de-2025\/","title":{"rendered":"PAUTA DA 01\u00ba SESS\u00c3O EXTRAORDIN\u00c1RIA DE 2026."},"content":{"rendered":"\n<p>PAUTA:<\/p>\n\n\n\n<p># Projeto de Lei n\u00ba 1.615, de 14 de Janeiro de 2026, que \u201cEstabelece os \u00edndices de revis\u00e3o geral, anual, e de reajuste salarial, dos servidores e estatut\u00e1rios e celetistas do Poder Executivo, inativos e pensionistas, e d\u00e1 outras provid\u00eancias.\u201d<\/p>\n\n\n\n<p># Projeto de Lei n\u00ba 1.616, de 14 de Janeiro de 2026, que \u201cAutoriza o reajuste do valor do aux\u00edlio alimenta\u00e7\u00e3o de que trata a Lei Municipal n\u00ba 1.280, de 26 de junho de 2017, e d\u00e1 outras provid\u00eancias.\u201d<\/p>\n\n\n\n<p># Projeto de Lei n\u00ba 1.617, de 14 de Janeiro de 2026, que \u201cAutoriza a contrata\u00e7\u00e3o tempor\u00e1ria de servidor, por excepcional interesse p\u00fablico, e d\u00e1 outras provid\u00eancias.\u201d<\/p>\n\n\n\n<p># Projeto de Lei do Legislativo n\u00ba 01, de 20 de Janeiro de 2026, que \u201cEstabelece os \u00edndices de revis\u00e3o geral, anual, e de reajuste salarial, dos servidores do Poder Legislativo, e d\u00e1 outras provid\u00eancias.\u201d<\/p>\n\n\n\n<p># Projeto de Lei do Legislativo n\u00ba 02, de 20 de Janeiro de 2026, que \u201cAutoriza o reajuste do valor do aux\u00edlio alimenta\u00e7\u00e3o de que trata a Lei Municipal n\u00ba 1.285, de 16 de agosto de 2017, e d\u00e1 outras provid\u00eancias.\u201d<\/p>\n\n\n\n<p># Projeto de Lei do Legislativo n\u00ba 03, de 20 de Janeiro de 2026, que \u201cEstabelece os \u00edndices de revis\u00e3o geral, anual, aos agentes pol\u00edticos, ocupante dos cargos de Prefeito, Vice-Prefeito, Secret\u00e1rios Municipais e Vereadores, e d\u00e1 outras provid\u00eancias.&#8221; <\/p>\n\n\n\n<p>ORDEM DO DIA:<\/p>\n\n\n\n<p># Projeto de Lei n\u00ba 1.615, de 14 de Janeiro de 2026, que \u201cEstabelece os \u00edndices de revis\u00e3o geral, anual, e de reajuste salarial, dos servidores e estatut\u00e1rios e celetistas do Poder Executivo, inativos e pensionistas, e d\u00e1 outras provid\u00eancias.\u201d<\/p>\n\n\n\n<p># Projeto de Lei n\u00ba 1.616, de 14 de Janeiro de 2026, que \u201cAutoriza o reajuste do valor do aux\u00edlio alimenta\u00e7\u00e3o de que trata a Lei Municipal n\u00ba 1.280, de 26 de junho de 2017, e d\u00e1 outras provid\u00eancias.\u201d<\/p>\n\n\n\n<p># Projeto de Lei n\u00ba 1.617, de 14 de Janeiro de 2026, que \u201cAutoriza a contrata\u00e7\u00e3o tempor\u00e1ria de servidor, por excepcional interesse p\u00fablico, e d\u00e1 outras provid\u00eancias.\u201d<\/p>\n\n\n\n<p># Projeto de Lei do Legislativo n\u00ba 01, de 20 de Janeiro de 2026, que \u201cEstabelece os \u00edndices de revis\u00e3o geral, anual, e de reajuste salarial, dos servidores do Poder Legislativo, e d\u00e1 outras provid\u00eancias.\u201d<\/p>\n\n\n\n<p># Projeto de Lei do Legislativo n\u00ba 02, de 20 de Janeiro de 2026, que \u201cAutoriza o reajuste do valor do aux\u00edlio alimenta\u00e7\u00e3o de que trata a Lei Municipal n\u00ba 1.285, de 16 de agosto de 2017, e d\u00e1 outras provid\u00eancias.\u201d<\/p>\n\n\n\n<p># Projeto de Lei do Legislativo n\u00ba 03, de 20 de Janeiro de 2026, que \u201cEstabelece os \u00edndices de revis\u00e3o geral, anual, aos agentes pol\u00edticos, ocupante dos cargos de Prefeito, Vice-Prefeito, Secret\u00e1rios Municipais e Vereadores, e d\u00e1 outras provid\u00eancias<\/p>\n\n\n\n<p>Sala da Presid\u00eancia, em 22 de Janeiro de 2026.<\/p>\n\n\n\n<p>Carlos Jos\u00e9 Somavilla<\/p>\n\n\n\n<p>Presidente<\/p>\n","protected":false},"excerpt":{"rendered":"<p>PAUTA: # Projeto de Lei n\u00ba 1.615, de 14 de Janeiro de 2026, que \u201cEstabelece os \u00edndices de revis\u00e3o geral, anual, e de reajuste salarial, dos servidores e estatut\u00e1rios e celetistas do Poder Executivo, inativos e pensionistas, e d\u00e1 outras provid\u00eancias.\u201d # Projeto de Lei n\u00ba 1.616, de 14 de Janeiro de 2026, que \u201cAutoriza [&hellip;]<\/p>\n","protected":false},"author":6,"featured_media":10592,"comment_status":"open","ping_status":"open","sticky":false,"template":"","format":"standard","meta":{"episode_type":"","audio_file":"","duration":"","filesize":"","date_recorded":"","explicit":"","block":"","filesize_raw":""},"categories":[7],"tags":[],"_links":{"self":[{"href":"https:\/\/www.camaraestrelavelha.rs.gov.br\/portal\/wp-json\/wp\/v2\/posts\/10591"}],"collection":[{"href":"https:\/\/www.camaraestrelavelha.rs.gov.br\/portal\/wp-json\/wp\/v2\/posts"}],"about":[{"href":"https:\/\/www.camaraestrelavelha.rs.gov.br\/portal\/wp-json\/wp\/v2\/types\/post"}],"author":[{"embeddable":true,"href":"https:\/\/www.camaraestrelavelha.rs.gov.br\/portal\/wp-json\/wp\/v2\/users\/6"}],"replies":[{"embeddable":true,"href":"https:\/\/www.camaraestrelavelha.rs.gov.br\/portal\/wp-json\/wp\/v2\/comments?post=10591"}],"version-history":[{"count":2,"href":"https:\/\/www.camaraestrelavelha.rs.gov.br\/portal\/wp-json\/wp\/v2\/posts\/10591\/revisions"}],"predecessor-version":[{"id":10715,"href":"https:\/\/www.camaraestrelavelha.rs.gov.br\/portal\/wp-json\/wp\/v2\/posts\/10591\/revisions\/10715"}],"wp:featuredmedia":[{"embeddable":true,"href":"https:\/\/www.camaraestrelavelha.rs.gov.br\/portal\/wp-json\/wp\/v2\/media\/10592"}],"wp:attachment":[{"href":"https:\/\/www.camaraestrelavelha.rs.gov.br\/portal\/wp-json\/wp\/v2\/media?parent=10591"}],"wp:term":[{"taxonomy":"category","embeddable":true,"href":"https:\/\/www.camaraestrelavelha.rs.gov.br\/portal\/wp-json\/wp\/v2\/categories?post=10591"},{"taxonomy":"post_tag","embeddable":true,"href":"https:\/\/www.camaraestrelavelha.rs.gov.br\/portal\/wp-json\/wp\/v2\/tags?post=10591"}],"curies":[{"name":"wp","href":"https:\/\/api.w.org\/{rel}","templated":true}]}}