{"id":10595,"date":"2026-01-23T08:51:48","date_gmt":"2026-01-23T11:51:48","guid":{"rendered":"https:\/\/www.camaraestrelavelha.rs.gov.br\/portal\/?p=10595"},"modified":"2026-01-23T08:51:50","modified_gmt":"2026-01-23T11:51:50","slug":"resumo-da-1a-sessao-extraordinaria-de-2026","status":"publish","type":"post","link":"https:\/\/www.camaraestrelavelha.rs.gov.br\/portal\/2026\/01\/23\/resumo-da-1a-sessao-extraordinaria-de-2026\/","title":{"rendered":"RESUMO DA 1\u00aa SESS\u00c3O EXTRAORDIN\u00c1RIA DE 2026."},"content":{"rendered":"\n\n\n<p>NA PAUTA CONSTOU:<\/p>\n\n\n\n<p># Projeto de Lei n\u00ba 1.615, de 14 de Janeiro de 2026, que \u201cEstabelece os \u00edndices de revis\u00e3o geral, anual, e de reajuste salarial, dos servidores e estatut\u00e1rios e celetistas do Poder Executivo, inativos e pensionistas, e d\u00e1 outras provid\u00eancias. \u201cAprovado por unanimidade.<\/p>\n\n\n\n<p># Projeto de Lei n\u00ba 1.616, de 14 de Janeiro de 2026, que \u201cAutoriza o reajuste do valor do aux\u00edlio alimenta\u00e7\u00e3o de que trata a Lei Municipal n\u00ba 1.280, de 26 de junho de 2017, e d\u00e1 outras provid\u00eancias.\u201d Aprovado por unanimidade.<\/p>\n\n\n\n<p># Projeto de Lei n\u00ba 1.617, de 14 de Janeiro de 2026, que \u201cAutoriza a contrata\u00e7\u00e3o tempor\u00e1ria de servidor, por excepcional interesse p\u00fablico, e d\u00e1 outras provid\u00eancias.\u201d Aprovado por unanimidade.<\/p>\n\n\n\n<p># Projeto de Lei do Legislativo n\u00ba 01, de 20 de Janeiro de 2026, que \u201cEstabelece os \u00edndices de revis\u00e3o geral, anual, e de reajuste salarial, dos servidores do Poder Legislativo, e d\u00e1 outras provid\u00eancias.\u201d Aprovado por unanimidade.<\/p>\n\n\n\n<p># Projeto de Lei do Legislativo n\u00ba 02, de 20 de Janeiro de 2026, que \u201cAutoriza o reajuste do valor do aux\u00edlio alimenta\u00e7\u00e3o de que trata a Lei Municipal n\u00ba 1.285, de 16 de agosto de 2017, e d\u00e1 outras provid\u00eancias.\u201d Aprovado por unanimidade.<\/p>\n\n\n\n<p># Projeto de Lei do Legislativo n\u00ba 03, de 20 de Janeiro de 2026, que \u201cEstabelece os \u00edndices de revis\u00e3o geral, anual, aos agentes pol\u00edticos, ocupante dos cargos de Prefeito, Vice-Prefeito, Secret\u00e1rios Municipais e Vereadores, e d\u00e1 outras provid\u00eancias.\u201d Aprovado por unanimidade.<\/p>\n\n\n\n<p>A pr\u00f3xima Sess\u00e3o Ordin\u00e1ria ser\u00e1 realizada no dia 02\/02\/26, \u00e0s 19h.<\/p>\n\n\n\n<p>Sala da Presid\u00eancia, em 22 Janeiro de 2026.<\/p>\n\n\n\n<p>Carlos Jos\u00e9 Somavilla<\/p>\n\n\n\n<p>Presidente<\/p>\n","protected":false},"excerpt":{"rendered":"<p>NA PAUTA CONSTOU: # Projeto de Lei n\u00ba 1.615, de 14 de Janeiro de 2026, que \u201cEstabelece os \u00edndices de revis\u00e3o geral, anual, e de reajuste salarial, dos servidores e estatut\u00e1rios e celetistas do Poder Executivo, inativos e pensionistas, e d\u00e1 outras provid\u00eancias. \u201cAprovado por unanimidade. # Projeto de Lei n\u00ba 1.616, de 14 de [&hellip;]<\/p>\n","protected":false},"author":6,"featured_media":10596,"comment_status":"open","ping_status":"open","sticky":false,"template":"","format":"standard","meta":{"episode_type":"","audio_file":"","duration":"","filesize":"","date_recorded":"","explicit":"","block":"","filesize_raw":""},"categories":[6],"tags":[],"_links":{"self":[{"href":"https:\/\/www.camaraestrelavelha.rs.gov.br\/portal\/wp-json\/wp\/v2\/posts\/10595"}],"collection":[{"href":"https:\/\/www.camaraestrelavelha.rs.gov.br\/portal\/wp-json\/wp\/v2\/posts"}],"about":[{"href":"https:\/\/www.camaraestrelavelha.rs.gov.br\/portal\/wp-json\/wp\/v2\/types\/post"}],"author":[{"embeddable":true,"href":"https:\/\/www.camaraestrelavelha.rs.gov.br\/portal\/wp-json\/wp\/v2\/users\/6"}],"replies":[{"embeddable":true,"href":"https:\/\/www.camaraestrelavelha.rs.gov.br\/portal\/wp-json\/wp\/v2\/comments?post=10595"}],"version-history":[{"count":1,"href":"https:\/\/www.camaraestrelavelha.rs.gov.br\/portal\/wp-json\/wp\/v2\/posts\/10595\/revisions"}],"predecessor-version":[{"id":10597,"href":"https:\/\/www.camaraestrelavelha.rs.gov.br\/portal\/wp-json\/wp\/v2\/posts\/10595\/revisions\/10597"}],"wp:featuredmedia":[{"embeddable":true,"href":"https:\/\/www.camaraestrelavelha.rs.gov.br\/portal\/wp-json\/wp\/v2\/media\/10596"}],"wp:attachment":[{"href":"https:\/\/www.camaraestrelavelha.rs.gov.br\/portal\/wp-json\/wp\/v2\/media?parent=10595"}],"wp:term":[{"taxonomy":"category","embeddable":true,"href":"https:\/\/www.camaraestrelavelha.rs.gov.br\/portal\/wp-json\/wp\/v2\/categories?post=10595"},{"taxonomy":"post_tag","embeddable":true,"href":"https:\/\/www.camaraestrelavelha.rs.gov.br\/portal\/wp-json\/wp\/v2\/tags?post=10595"}],"curies":[{"name":"wp","href":"https:\/\/api.w.org\/{rel}","templated":true}]}}