{"id":10855,"date":"2026-03-03T08:15:36","date_gmt":"2026-03-03T11:15:36","guid":{"rendered":"https:\/\/www.camaraestrelavelha.rs.gov.br\/portal\/?p=10855"},"modified":"2026-03-03T08:15:59","modified_gmt":"2026-03-03T11:15:59","slug":"pauta-da-04o-sessao-ordinaria","status":"publish","type":"post","link":"https:\/\/www.camaraestrelavelha.rs.gov.br\/portal\/2026\/03\/03\/pauta-da-04o-sessao-ordinaria\/","title":{"rendered":"PAUTA DA 04\u00ba SESS\u00c3O ORDIN\u00c1RIA"},"content":{"rendered":"<div class=\"xdj266r x14z9mp xat24cr x1lziwak x1vvkbs x126k92a\">\n<div dir=\"auto\">PAUTA:<\/div>\n<div dir=\"auto\"><\/div>\n<\/div>\n<div class=\"x14z9mp xat24cr x1lziwak x1vvkbs xtlvy1s x126k92a\">\n<div dir=\"auto\"># Indica\u00e7\u00e3o n\u00ba 01, de 03 de fevereiro de 2026, de autoria dos Vereadores da Bancada do Progressistas, onde prop\u00f5e ao Poder Executivo que verifique a possibilidade da realiza\u00e7\u00e3o de obra de encanamento da valeta localizada aos fundos do Gin\u00e1sio Estrel\u00e3o e da Igreja S\u00e3o Francisco, interligando &#8211; a at\u00e9 a boca de lobo situada na rua em frente ao CRAS.<\/div>\n<div dir=\"auto\"><\/div>\n<\/div>\n<div class=\"x14z9mp xat24cr x1lziwak x1vvkbs xtlvy1s x126k92a\">\n<div dir=\"auto\">ORDEM DO DIA:<\/div>\n<div dir=\"auto\"><\/div>\n<\/div>\n<div class=\"x14z9mp xat24cr x1lziwak x1vvkbs xtlvy1s x126k92a\">\n<div dir=\"auto\"># Indica\u00e7\u00e3o n\u00ba 01, de 03 de fevereiro de 2026, de autoria dos Vereadores da Bancada do Progressistas, onde prop\u00f5e ao Poder Executivo que verifique a possibilidade da realiza\u00e7\u00e3o de obra de encanamento da valeta localizada aos fundos do Gin\u00e1sio Estrel\u00e3o e da Igreja S\u00e3o Francisco, interligando &#8211; a at\u00e9 a boca de lobo situada na rua em frente ao CRAS.<\/div>\n<\/div>\n<div dir=\"auto\"><\/div>\n<div dir=\"auto\"><\/div>\n<div class=\"x14z9mp xat24cr x1lziwak x1vvkbs xtlvy1s x126k92a\">\n<div dir=\"auto\">Sala da Presid\u00eancia, em 03 de mar\u00e7o de 2026.<\/div>\n<div dir=\"auto\">Carlos Jos\u00e9 Somavilla<\/div>\n<div dir=\"auto\">Presidente<\/div>\n<\/div>\n","protected":false},"excerpt":{"rendered":"<p>PAUTA: # Indica\u00e7\u00e3o n\u00ba 01, de 03 de fevereiro de 2026, de autoria dos Vereadores da Bancada do Progressistas, onde prop\u00f5e ao Poder Executivo que verifique a possibilidade da realiza\u00e7\u00e3o de obra de encanamento da valeta localizada aos fundos do Gin\u00e1sio Estrel\u00e3o e da Igreja S\u00e3o Francisco, interligando &#8211; a at\u00e9 a boca de lobo [&hellip;]<\/p>\n","protected":false},"author":6,"featured_media":10856,"comment_status":"open","ping_status":"open","sticky":false,"template":"","format":"standard","meta":{"episode_type":"","audio_file":"","duration":"","filesize":"","date_recorded":"","explicit":"","block":"","filesize_raw":""},"categories":[7,1],"tags":[],"_links":{"self":[{"href":"https:\/\/www.camaraestrelavelha.rs.gov.br\/portal\/wp-json\/wp\/v2\/posts\/10855"}],"collection":[{"href":"https:\/\/www.camaraestrelavelha.rs.gov.br\/portal\/wp-json\/wp\/v2\/posts"}],"about":[{"href":"https:\/\/www.camaraestrelavelha.rs.gov.br\/portal\/wp-json\/wp\/v2\/types\/post"}],"author":[{"embeddable":true,"href":"https:\/\/www.camaraestrelavelha.rs.gov.br\/portal\/wp-json\/wp\/v2\/users\/6"}],"replies":[{"embeddable":true,"href":"https:\/\/www.camaraestrelavelha.rs.gov.br\/portal\/wp-json\/wp\/v2\/comments?post=10855"}],"version-history":[{"count":1,"href":"https:\/\/www.camaraestrelavelha.rs.gov.br\/portal\/wp-json\/wp\/v2\/posts\/10855\/revisions"}],"predecessor-version":[{"id":10857,"href":"https:\/\/www.camaraestrelavelha.rs.gov.br\/portal\/wp-json\/wp\/v2\/posts\/10855\/revisions\/10857"}],"wp:featuredmedia":[{"embeddable":true,"href":"https:\/\/www.camaraestrelavelha.rs.gov.br\/portal\/wp-json\/wp\/v2\/media\/10856"}],"wp:attachment":[{"href":"https:\/\/www.camaraestrelavelha.rs.gov.br\/portal\/wp-json\/wp\/v2\/media?parent=10855"}],"wp:term":[{"taxonomy":"category","embeddable":true,"href":"https:\/\/www.camaraestrelavelha.rs.gov.br\/portal\/wp-json\/wp\/v2\/categories?post=10855"},{"taxonomy":"post_tag","embeddable":true,"href":"https:\/\/www.camaraestrelavelha.rs.gov.br\/portal\/wp-json\/wp\/v2\/tags?post=10855"}],"curies":[{"name":"wp","href":"https:\/\/api.w.org\/{rel}","templated":true}]}}