{"id":10859,"date":"2026-03-04T09:19:25","date_gmt":"2026-03-04T12:19:25","guid":{"rendered":"https:\/\/www.camaraestrelavelha.rs.gov.br\/portal\/?p=10859"},"modified":"2026-03-04T09:19:26","modified_gmt":"2026-03-04T12:19:26","slug":"resumo-da-4a-sessao-ordinaria-de-2026","status":"publish","type":"post","link":"https:\/\/www.camaraestrelavelha.rs.gov.br\/portal\/2026\/03\/04\/resumo-da-4a-sessao-ordinaria-de-2026\/","title":{"rendered":"RESUMO DA 4\u00aa SESS\u00c3O ORDIN\u00c1RIA DE 2026."},"content":{"rendered":"\n<p>NA PAUTA CONSTOU:<\/p>\n\n\n\n<p># Indica\u00e7\u00e3o n\u00ba 01, de 03 de fevereiro de 2026, de autoria dos Vereadores da Bancada do Progressistas, onde prop\u00f5e ao Poder Executivo que verifique a possibilidade da realiza\u00e7\u00e3o de obra de encanamento da valeta localizada aos fundos do Gin\u00e1sio Estrel\u00e3o e da Igreja S\u00e3o Francisco, interligando &#8211; a at\u00e9 a boca de lobo situada na rua em frente ao CRAS. Aprovado por unanimidade pelos presentes.<\/p>\n\n\n\n<p>A pr\u00f3xima Sess\u00e3o Ordin\u00e1ria ser\u00e1 realizada no dia 17\/03\/26, \u00e0s 19h.<\/p>\n\n\n\n<p>Sala da Presid\u00eancia, em 03 de mar\u00e7o de 2026.<\/p>\n\n\n\n<p>Carlos Jos\u00e9 Somavilla<\/p>\n\n\n\n<p>Presidente<\/p>\n\n\n\n<p><a href=\"https:\/\/www.facebook.com\/photo\/?fbid=1151608126982699&amp;set=a.751713123638870&amp;__cft__%5b0%5d=AZVJqw79IPcs4ue2Re2KvI2u3MNsMdLeanFywLC75J4l1RQCxOFwP2Lhilz6TYjYYwMPGEzIxu__ip48wFGdk5w_FNRWUTUD3H_NGcYpFAVNMG89icYfPGjEsxTuj3PjpPPPTX4ywFhb1b0rtDHX6hgTIbM4HWMuHu6x9RrwvEQ7uU9SDbnO9ESspj7Q3VnnMEokX4A8R2hETyy3xKgykuqj&amp;__tn__=EH-R\"><\/a><\/p>\n\n\n\n<p><a href=\"https:\/\/www.facebook.com\/photo\/?fbid=1151608126982699&amp;set=a.751713123638870&amp;__cft__%5b0%5d=AZVJqw79IPcs4ue2Re2KvI2u3MNsMdLeanFywLC75J4l1RQCxOFwP2Lhilz6TYjYYwMPGEzIxu__ip48wFGdk5w_FNRWUTUD3H_NGcYpFAVNMG89icYfPGjEsxTuj3PjpPPPTX4ywFhb1b0rtDHX6hgTIbM4HWMuHu6x9RrwvEQ7uU9SDbnO9ESspj7Q3VnnMEokX4A8R2hETyy3xKgykuqj&amp;__tn__=EH-R\">&nbsp;<\/a><\/p>\n\n\n","protected":false},"excerpt":{"rendered":"<p>NA PAUTA CONSTOU: # Indica\u00e7\u00e3o n\u00ba 01, de 03 de fevereiro de 2026, de autoria dos Vereadores da Bancada do Progressistas, onde prop\u00f5e ao Poder Executivo que verifique a possibilidade da realiza\u00e7\u00e3o de obra de encanamento da valeta localizada aos fundos do Gin\u00e1sio Estrel\u00e3o e da Igreja S\u00e3o Francisco, interligando &#8211; a at\u00e9 a boca [&hellip;]<\/p>\n","protected":false},"author":6,"featured_media":10860,"comment_status":"open","ping_status":"open","sticky":false,"template":"","format":"standard","meta":{"episode_type":"","audio_file":"","duration":"","filesize":"","date_recorded":"","explicit":"","block":"","filesize_raw":""},"categories":[6],"tags":[],"_links":{"self":[{"href":"https:\/\/www.camaraestrelavelha.rs.gov.br\/portal\/wp-json\/wp\/v2\/posts\/10859"}],"collection":[{"href":"https:\/\/www.camaraestrelavelha.rs.gov.br\/portal\/wp-json\/wp\/v2\/posts"}],"about":[{"href":"https:\/\/www.camaraestrelavelha.rs.gov.br\/portal\/wp-json\/wp\/v2\/types\/post"}],"author":[{"embeddable":true,"href":"https:\/\/www.camaraestrelavelha.rs.gov.br\/portal\/wp-json\/wp\/v2\/users\/6"}],"replies":[{"embeddable":true,"href":"https:\/\/www.camaraestrelavelha.rs.gov.br\/portal\/wp-json\/wp\/v2\/comments?post=10859"}],"version-history":[{"count":1,"href":"https:\/\/www.camaraestrelavelha.rs.gov.br\/portal\/wp-json\/wp\/v2\/posts\/10859\/revisions"}],"predecessor-version":[{"id":10861,"href":"https:\/\/www.camaraestrelavelha.rs.gov.br\/portal\/wp-json\/wp\/v2\/posts\/10859\/revisions\/10861"}],"wp:featuredmedia":[{"embeddable":true,"href":"https:\/\/www.camaraestrelavelha.rs.gov.br\/portal\/wp-json\/wp\/v2\/media\/10860"}],"wp:attachment":[{"href":"https:\/\/www.camaraestrelavelha.rs.gov.br\/portal\/wp-json\/wp\/v2\/media?parent=10859"}],"wp:term":[{"taxonomy":"category","embeddable":true,"href":"https:\/\/www.camaraestrelavelha.rs.gov.br\/portal\/wp-json\/wp\/v2\/categories?post=10859"},{"taxonomy":"post_tag","embeddable":true,"href":"https:\/\/www.camaraestrelavelha.rs.gov.br\/portal\/wp-json\/wp\/v2\/tags?post=10859"}],"curies":[{"name":"wp","href":"https:\/\/api.w.org\/{rel}","templated":true}]}}