{"id":11707,"date":"2026-09-02T08:03:16","date_gmt":"2026-09-02T11:03:16","guid":{"rendered":"https:\/\/www.camaraestrelavelha.rs.gov.br\/portal\/?p=11707"},"modified":"2026-09-02T08:03:18","modified_gmt":"2026-09-02T11:03:18","slug":"resumo-da-19a-sessao-ordinaria-de-2026","status":"publish","type":"post","link":"https:\/\/www.camaraestrelavelha.rs.gov.br\/portal\/2026\/09\/02\/resumo-da-19a-sessao-ordinaria-de-2026\/","title":{"rendered":"RESUMO DA 19\u00aa SESS\u00c3O ORDIN\u00c1RIA DE 2026."},"content":{"rendered":"\n<p>NA PAUTA CONSTOU:<\/p>\n\n\n\n<p># Projeto de Lei n\u00ba 1.653, 18 de agosto de 2026, que \u201cDisp\u00f5e sobre as diretrizes or\u00e7ament\u00e1rias para o exerc\u00edcio financeiro de 2027\u201d. Baixado nas comiss\u00f5es.<\/p>\n\n\n\n<p>A pr\u00f3xima Sess\u00e3o Ordin\u00e1ria ser\u00e1 realizada no dia 15\/09\/26, \u00e0s 18:00hs.<\/p>\n\n\n\n<p>Sala da Presid\u00eancia, em 02 de Agosto de 2026.<br>Leston Manske<br>Presidente<\/p>\n","protected":false},"excerpt":{"rendered":"<p>NA PAUTA CONSTOU: # Projeto de Lei n\u00ba 1.653, 18 de agosto de 2026, que \u201cDisp\u00f5e sobre as diretrizes or\u00e7ament\u00e1rias para o exerc\u00edcio financeiro de 2027\u201d. Baixado nas comiss\u00f5es. A pr\u00f3xima Sess\u00e3o Ordin\u00e1ria ser\u00e1 realizada no dia 15\/09\/26, \u00e0s 18:00hs. Sala da Presid\u00eancia, em 02 de Agosto de 2026.Leston ManskePresidente<\/p>\n","protected":false},"author":6,"featured_media":11708,"comment_status":"open","ping_status":"open","sticky":false,"template":"","format":"standard","meta":{"episode_type":"","audio_file":"","duration":"","filesize":"","date_recorded":"","explicit":"","block":"","filesize_raw":""},"categories":[6],"tags":[],"_links":{"self":[{"href":"https:\/\/www.camaraestrelavelha.rs.gov.br\/portal\/wp-json\/wp\/v2\/posts\/11707"}],"collection":[{"href":"https:\/\/www.camaraestrelavelha.rs.gov.br\/portal\/wp-json\/wp\/v2\/posts"}],"about":[{"href":"https:\/\/www.camaraestrelavelha.rs.gov.br\/portal\/wp-json\/wp\/v2\/types\/post"}],"author":[{"embeddable":true,"href":"https:\/\/www.camaraestrelavelha.rs.gov.br\/portal\/wp-json\/wp\/v2\/users\/6"}],"replies":[{"embeddable":true,"href":"https:\/\/www.camaraestrelavelha.rs.gov.br\/portal\/wp-json\/wp\/v2\/comments?post=11707"}],"version-history":[{"count":1,"href":"https:\/\/www.camaraestrelavelha.rs.gov.br\/portal\/wp-json\/wp\/v2\/posts\/11707\/revisions"}],"predecessor-version":[{"id":11709,"href":"https:\/\/www.camaraestrelavelha.rs.gov.br\/portal\/wp-json\/wp\/v2\/posts\/11707\/revisions\/11709"}],"wp:featuredmedia":[{"embeddable":true,"href":"https:\/\/www.camaraestrelavelha.rs.gov.br\/portal\/wp-json\/wp\/v2\/media\/11708"}],"wp:attachment":[{"href":"https:\/\/www.camaraestrelavelha.rs.gov.br\/portal\/wp-json\/wp\/v2\/media?parent=11707"}],"wp:term":[{"taxonomy":"category","embeddable":true,"href":"https:\/\/www.camaraestrelavelha.rs.gov.br\/portal\/wp-json\/wp\/v2\/categories?post=11707"},{"taxonomy":"post_tag","embeddable":true,"href":"https:\/\/www.camaraestrelavelha.rs.gov.br\/portal\/wp-json\/wp\/v2\/tags?post=11707"}],"curies":[{"name":"wp","href":"https:\/\/api.w.org\/{rel}","templated":true}]}}