{"id":2169,"date":"2020-07-31T07:34:00","date_gmt":"2020-07-31T10:34:00","guid":{"rendered":"http:\/\/camaraestrelavelha.rs.gov.br\/portal\/?p=2169"},"modified":"2020-08-21T14:49:27","modified_gmt":"2020-08-21T17:49:27","slug":"pauta-da-16a-sessao-ordinaria","status":"publish","type":"post","link":"https:\/\/www.camaraestrelavelha.rs.gov.br\/portal\/2020\/07\/31\/pauta-da-16a-sessao-ordinaria\/","title":{"rendered":"PAUTA da 16\u00aa SESS\u00c3O ORDIN\u00c1RIA"},"content":{"rendered":"\n<p><strong><em>C\u00c2MARA MUNICIPAL DE ESTRELA VELHA,<\/em><\/strong><strong><em> 16\u00aa SESS\u00c3O ORDIN\u00c1RIA A REALIZAR-SE NO DIA 03 DE AGOSTO DE 2020, \u00c0S 09h00min.<\/em><\/strong><\/p>\n\n\n\n<p><strong>PAUTA DO DIA:<\/strong><strong><\/strong><\/p>\n\n\n\n<p><strong><em>#<\/em><a href=\"http:\/\/camaraestrelavelha.rs.gov.br\/portal\/wp-content\/uploads\/2020\/07\/Indica\u00e7\u00e3o-n\u00ba15-Isabela.pdf\"><em> <\/em>Indica\u00e7\u00e3o N\u00ba 015\/2020<\/a>, de Autoria da Vereadora Isabela Garcia.<\/strong><\/p>\n\n\n\n<p><strong><em>#<a href=\"http:\/\/camaraestrelavelha.rs.gov.br\/portal\/wp-content\/uploads\/2020\/07\/P.-DE-LEI-1.361-EXECUTIVO.pdf\"> Projeto de Lei N\u00ba 1.361<\/a>, de 20 de julho de 2020, \u201cAltera a reda\u00e7\u00e3o do Art. 1\u00ba, da Lei Municipal n\u00ba 1.405, de 01 de julho de 2020, que Altera a Lei Municipal n\u00ba 620, de 28 de setembro de 2005, que Reestrutura o Regime Pr\u00f3prio de Previd\u00eancia Social dos Servidores P\u00fablicos Efetivo do Mun\u00edcipio de Estrela Velha, de que trata o Art. 40 da Constitui\u00e7\u00e3o da Republica, e d\u00e1 outras provid\u00eancias\u201d.<\/em><\/strong><\/p>\n\n\n\n<p><strong><em># <a href=\"http:\/\/camaraestrelavelha.rs.gov.br\/portal\/wp-content\/uploads\/2020\/07\/P.-DE-LEI-1.362-EXECUTIVO-1.pdf\">Projeto de Lei N\u00ba 1.362<\/a>, de 20 de julho de 2020, \u201cDenomina Feira da Agricultura Familiar Cl\u00f3vis Pinto\u201d.<\/em><\/strong><\/p>\n\n\n\n<p><strong><em>#<a href=\"http:\/\/camaraestrelavelha.rs.gov.br\/portal\/wp-content\/uploads\/2020\/07\/P.-DE-LEI-1.363-EXECUTIVO-1.pdf\"> Projeto de Lei N\u00ba 1.363<\/a>, de 20 de julho de 2020, \u201cInstitui o Comit\u00ea Intersetorial Municipal do Programa Bolsa Fam\u00edlia, do Munic\u00edpio de Estrela Velha\/RS, conforme Lei Federal n\u00ba 10.836\/04, regulamentada pelo Decreto Federal n\u00ba 5.209\/04, e d\u00e1 outras provid\u00eancias\u201d.<\/em><\/strong><\/p>\n\n\n\n<p><strong><em>#<a href=\"http:\/\/camaraestrelavelha.rs.gov.br\/portal\/wp-content\/uploads\/2020\/07\/P.DE-LEI-1.364-EXECUTIVO-1.pdf\"> Projeto de Lei N\u00ba 1.364<\/a>, de 21 de julho de 2020, \u201cAutoriza a abertura de cr\u00e9dito especial no montante de R$ 231.000,00 (duzentos e trinta e um mil reais), conforme especifica\u201d.<\/em><\/strong><\/p>\n\n\n\n<p><strong><em># <a href=\"http:\/\/camaraestrelavelha.rs.gov.br\/portal\/wp-content\/uploads\/2020\/07\/P.-DE-LEI-1.365-EXECUTIVO-1.pdf\">Projeto de Lei N\u00ba 1.365,<\/a> de 21 de julho de 2020, \u201cAutoriza a abertura de cr\u00e9dito especial no montante de R$ 124.000,00 (cento e vinte e quatro mil reais), conforme especifica\u201d.<\/em><\/strong><\/p>\n\n\n\n<p>Ildo Nagorsny,<\/p>\n\n\n\n<p>Presidente.<\/p>\n","protected":false},"excerpt":{"rendered":"<p>C\u00c2MARA MUNICIPAL DE ESTRELA VELHA, 16\u00aa SESS\u00c3O ORDIN\u00c1RIA A REALIZAR-SE NO DIA 03 DE AGOSTO DE 2020, \u00c0S 09h00min. PAUTA DO DIA: # Indica\u00e7\u00e3o N\u00ba 015\/2020, de Autoria da Vereadora Isabela Garcia. # Projeto de Lei N\u00ba 1.361, de 20 de julho de 2020, \u201cAltera a reda\u00e7\u00e3o do Art. 1\u00ba, da Lei Municipal n\u00ba 1.405, [&hellip;]<\/p>\n","protected":false},"author":2,"featured_media":0,"comment_status":"open","ping_status":"open","sticky":false,"template":"","format":"standard","meta":{"episode_type":"","audio_file":"","duration":"","filesize":"","date_recorded":"","explicit":"","block":"","filesize_raw":""},"categories":[7],"tags":[],"_links":{"self":[{"href":"https:\/\/www.camaraestrelavelha.rs.gov.br\/portal\/wp-json\/wp\/v2\/posts\/2169"}],"collection":[{"href":"https:\/\/www.camaraestrelavelha.rs.gov.br\/portal\/wp-json\/wp\/v2\/posts"}],"about":[{"href":"https:\/\/www.camaraestrelavelha.rs.gov.br\/portal\/wp-json\/wp\/v2\/types\/post"}],"author":[{"embeddable":true,"href":"https:\/\/www.camaraestrelavelha.rs.gov.br\/portal\/wp-json\/wp\/v2\/users\/2"}],"replies":[{"embeddable":true,"href":"https:\/\/www.camaraestrelavelha.rs.gov.br\/portal\/wp-json\/wp\/v2\/comments?post=2169"}],"version-history":[{"count":7,"href":"https:\/\/www.camaraestrelavelha.rs.gov.br\/portal\/wp-json\/wp\/v2\/posts\/2169\/revisions"}],"predecessor-version":[{"id":2242,"href":"https:\/\/www.camaraestrelavelha.rs.gov.br\/portal\/wp-json\/wp\/v2\/posts\/2169\/revisions\/2242"}],"wp:attachment":[{"href":"https:\/\/www.camaraestrelavelha.rs.gov.br\/portal\/wp-json\/wp\/v2\/media?parent=2169"}],"wp:term":[{"taxonomy":"category","embeddable":true,"href":"https:\/\/www.camaraestrelavelha.rs.gov.br\/portal\/wp-json\/wp\/v2\/categories?post=2169"},{"taxonomy":"post_tag","embeddable":true,"href":"https:\/\/www.camaraestrelavelha.rs.gov.br\/portal\/wp-json\/wp\/v2\/tags?post=2169"}],"curies":[{"name":"wp","href":"https:\/\/api.w.org\/{rel}","templated":true}]}}