{"id":3332,"date":"2021-02-09T09:06:03","date_gmt":"2021-02-09T12:06:03","guid":{"rendered":"http:\/\/camaraestrelavelha.rs.gov.br\/portal\/?p=3332"},"modified":"2021-02-09T09:06:04","modified_gmt":"2021-02-09T12:06:04","slug":"resumo-da-5-sessao-ordinaria-realizada-no-dia-08-de-fevereiro-de-2021-as-19-horas","status":"publish","type":"post","link":"https:\/\/www.camaraestrelavelha.rs.gov.br\/portal\/2021\/02\/09\/resumo-da-5-sessao-ordinaria-realizada-no-dia-08-de-fevereiro-de-2021-as-19-horas\/","title":{"rendered":"Resumo da 5\u00b0 Sess\u00e3o Ordin\u00e1ria realizada no dia 08 de fevereiro de 2021, as 19 horas"},"content":{"rendered":"\n<p><strong>RESUMO DA 5\u00ba SESS\u00c3O ORDIN\u00c1RIA DA<\/strong><\/p>\n\n\n\n<p><strong>C\u00c2MARA MUNICIPAL DE VEREADORES DE ESTRELA VELHA<\/strong><\/p>\n\n\n\n<p><strong>Data: 08 de fevereiro de 2021<\/strong><\/p>\n\n\n\n<p><strong>Hor\u00e1rio: 19 horas<\/strong><\/p>\n\n\n\n<p><strong>Local: Sala de Sess\u00f5es Erno Billig<\/strong><\/p>\n\n\n\n<p><strong>NA PAUTA CONSTOU:<\/strong><\/p>\n\n\n\n<p><strong># Projeto de Lei n\u00ba 1.387<\/strong>, de 01 de Fevereiro de 2021, de autoria do Poder Executivo, onde \u201cAutoriza a contrata\u00e7\u00e3o tempor\u00e1ria de servidores, por excepcional interesse p\u00fablico, para atuar na Secretaria Municipal de Educa\u00e7\u00e3o, e d\u00e1 outras provid\u00eancias\u201d.<\/p>\n\n\n\n<p><strong># Projeto de Lei n\u00ba 1.388<\/strong>, de 08 de Fevereiro de 2021, de autoria do Poder Executivo, onde \u201cAutoriza a contrata\u00e7\u00e3o tempor\u00e1ria de servidores, por excepcional interesse p\u00fablico, para atuar na Secretaria Municipal de Educa\u00e7\u00e3o, e d\u00e1 outras provid\u00eancias\u201d.<\/p>\n\n\n\n<p><strong>Pr\u00f3xima Sess\u00e3o Ordin\u00e1ria acontecer\u00e1 no dia 22 de fevereiro de 2021, \u00e1s 19 h.<\/strong><\/p>\n\n\n\n<p>Sala da Presid\u00eancia, em 08 de fevereiro de 2021.<\/p>\n\n\n\n<p>Jardel Silveira<\/p>\n\n\n\n<p>Presidente<\/p>\n","protected":false},"excerpt":{"rendered":"<p>RESUMO DA 5\u00ba SESS\u00c3O ORDIN\u00c1RIA DA C\u00c2MARA MUNICIPAL DE VEREADORES DE ESTRELA VELHA Data: 08 de fevereiro de 2021 Hor\u00e1rio: 19 horas Local: Sala de Sess\u00f5es Erno Billig NA PAUTA CONSTOU: # Projeto de Lei n\u00ba 1.387, de 01 de Fevereiro de 2021, de autoria do Poder Executivo, onde \u201cAutoriza a contrata\u00e7\u00e3o tempor\u00e1ria de servidores, [&hellip;]<\/p>\n","protected":false},"author":5,"featured_media":0,"comment_status":"open","ping_status":"open","sticky":false,"template":"","format":"standard","meta":{"episode_type":"","audio_file":"","duration":"","filesize":"","date_recorded":"","explicit":"","block":"","filesize_raw":""},"categories":[6],"tags":[],"_links":{"self":[{"href":"https:\/\/www.camaraestrelavelha.rs.gov.br\/portal\/wp-json\/wp\/v2\/posts\/3332"}],"collection":[{"href":"https:\/\/www.camaraestrelavelha.rs.gov.br\/portal\/wp-json\/wp\/v2\/posts"}],"about":[{"href":"https:\/\/www.camaraestrelavelha.rs.gov.br\/portal\/wp-json\/wp\/v2\/types\/post"}],"author":[{"embeddable":true,"href":"https:\/\/www.camaraestrelavelha.rs.gov.br\/portal\/wp-json\/wp\/v2\/users\/5"}],"replies":[{"embeddable":true,"href":"https:\/\/www.camaraestrelavelha.rs.gov.br\/portal\/wp-json\/wp\/v2\/comments?post=3332"}],"version-history":[{"count":1,"href":"https:\/\/www.camaraestrelavelha.rs.gov.br\/portal\/wp-json\/wp\/v2\/posts\/3332\/revisions"}],"predecessor-version":[{"id":3334,"href":"https:\/\/www.camaraestrelavelha.rs.gov.br\/portal\/wp-json\/wp\/v2\/posts\/3332\/revisions\/3334"}],"wp:attachment":[{"href":"https:\/\/www.camaraestrelavelha.rs.gov.br\/portal\/wp-json\/wp\/v2\/media?parent=3332"}],"wp:term":[{"taxonomy":"category","embeddable":true,"href":"https:\/\/www.camaraestrelavelha.rs.gov.br\/portal\/wp-json\/wp\/v2\/categories?post=3332"},{"taxonomy":"post_tag","embeddable":true,"href":"https:\/\/www.camaraestrelavelha.rs.gov.br\/portal\/wp-json\/wp\/v2\/tags?post=3332"}],"curies":[{"name":"wp","href":"https:\/\/api.w.org\/{rel}","templated":true}]}}