{"id":3606,"date":"2021-04-13T09:36:50","date_gmt":"2021-04-13T12:36:50","guid":{"rendered":"http:\/\/camaraestrelavelha.rs.gov.br\/portal\/?p=3606"},"modified":"2021-04-13T09:36:51","modified_gmt":"2021-04-13T12:36:51","slug":"resumo-da-11-sessao-ordinaria-realizada-no-dia12-de-abril-as-19-horas","status":"publish","type":"post","link":"https:\/\/www.camaraestrelavelha.rs.gov.br\/portal\/2021\/04\/13\/resumo-da-11-sessao-ordinaria-realizada-no-dia12-de-abril-as-19-horas\/","title":{"rendered":"Resumo da 11\u00b0 Sess\u00e3o Ordin\u00e1ria realizada no dia12 de abril, as 19 horas"},"content":{"rendered":"\n<p><strong>RESUMO DA 11\u00b0 SESS\u00c3O ORDIN\u00c1RIA DA<\/strong><\/p>\n\n\n\n<p><strong>C\u00c2MARA MUNICIPAL DE VEREADORES DE ESTRELA VELHA<\/strong><\/p>\n\n\n\n<p><strong>Data: 12 de abril de 2021<\/strong><\/p>\n\n\n\n<p><strong>Hor\u00e1rio: 19 horas<\/strong><\/p>\n\n\n\n<p><strong>Local: Sala de Sess\u00f5es Erno Billig<\/strong><\/p>\n\n\n\n<p><strong>NA PAUTA CONSTOU:<\/strong><\/p>\n\n\n\n<p><strong># Indica\u00e7\u00e3o n\u00b0 11, <\/strong>31 de mar\u00e7o de 2021, onde prop\u00f5e ao Poder Executivo a instala\u00e7\u00e3o de ilumina\u00e7\u00e3o na quadra poliesportiva na Localidade de Linha S\u00e3o Marcos, para utiliza\u00e7\u00e3o da comunidade quando houver a libera\u00e7\u00e3o das atividades esportivas, de acordo com as regras sanit\u00e1rias de restri\u00e7\u00e3o decorrentes da COVID-19.<strong><\/strong><\/p>\n\n\n\n<p><strong># Projeto de Lei n\u00b0 1.400, 23 de mar\u00e7o de 2021, de autoria do Poder Executivo que \u201cCria o Programa de Corre\u00e7\u00e3o do Solo de Estrela Velha e d\u00e1 outras provid\u00eancias\u201d.<\/strong><\/p>\n\n\n\n<p>Sala da Presid\u00eancia, em 12 de abril de 2021.<\/p>\n\n\n\n<p>Jardel Silveira<\/p>\n\n\n\n<p>Presidente<strong><\/strong><\/p>\n","protected":false},"excerpt":{"rendered":"<p>RESUMO DA 11\u00b0 SESS\u00c3O ORDIN\u00c1RIA DA C\u00c2MARA MUNICIPAL DE VEREADORES DE ESTRELA VELHA Data: 12 de abril de 2021 Hor\u00e1rio: 19 horas Local: Sala de Sess\u00f5es Erno Billig NA PAUTA CONSTOU: # Indica\u00e7\u00e3o n\u00b0 11, 31 de mar\u00e7o de 2021, onde prop\u00f5e ao Poder Executivo a instala\u00e7\u00e3o de ilumina\u00e7\u00e3o na quadra poliesportiva na Localidade de [&hellip;]<\/p>\n","protected":false},"author":5,"featured_media":0,"comment_status":"open","ping_status":"open","sticky":false,"template":"","format":"standard","meta":{"episode_type":"","audio_file":"","duration":"","filesize":"","date_recorded":"","explicit":"","block":"","filesize_raw":""},"categories":[6],"tags":[],"_links":{"self":[{"href":"https:\/\/www.camaraestrelavelha.rs.gov.br\/portal\/wp-json\/wp\/v2\/posts\/3606"}],"collection":[{"href":"https:\/\/www.camaraestrelavelha.rs.gov.br\/portal\/wp-json\/wp\/v2\/posts"}],"about":[{"href":"https:\/\/www.camaraestrelavelha.rs.gov.br\/portal\/wp-json\/wp\/v2\/types\/post"}],"author":[{"embeddable":true,"href":"https:\/\/www.camaraestrelavelha.rs.gov.br\/portal\/wp-json\/wp\/v2\/users\/5"}],"replies":[{"embeddable":true,"href":"https:\/\/www.camaraestrelavelha.rs.gov.br\/portal\/wp-json\/wp\/v2\/comments?post=3606"}],"version-history":[{"count":1,"href":"https:\/\/www.camaraestrelavelha.rs.gov.br\/portal\/wp-json\/wp\/v2\/posts\/3606\/revisions"}],"predecessor-version":[{"id":3608,"href":"https:\/\/www.camaraestrelavelha.rs.gov.br\/portal\/wp-json\/wp\/v2\/posts\/3606\/revisions\/3608"}],"wp:attachment":[{"href":"https:\/\/www.camaraestrelavelha.rs.gov.br\/portal\/wp-json\/wp\/v2\/media?parent=3606"}],"wp:term":[{"taxonomy":"category","embeddable":true,"href":"https:\/\/www.camaraestrelavelha.rs.gov.br\/portal\/wp-json\/wp\/v2\/categories?post=3606"},{"taxonomy":"post_tag","embeddable":true,"href":"https:\/\/www.camaraestrelavelha.rs.gov.br\/portal\/wp-json\/wp\/v2\/tags?post=3606"}],"curies":[{"name":"wp","href":"https:\/\/api.w.org\/{rel}","templated":true}]}}