{"id":3836,"date":"2021-06-16T08:50:36","date_gmt":"2021-06-16T11:50:36","guid":{"rendered":"http:\/\/camaraestrelavelha.rs.gov.br\/portal\/?p=3836"},"modified":"2024-10-24T10:10:50","modified_gmt":"2024-10-24T13:10:50","slug":"vereadores-da-bancada-progressistas-de-estrela-velha-e-o-prefeito-municipal-reivindicam-maquinas-no-gabinete-da-secretaria-estadual-da-agricultura-pecuaria-e-desenvolvimento-rural-silvana-covatti","status":"publish","type":"post","link":"https:\/\/www.camaraestrelavelha.rs.gov.br\/portal\/2021\/06\/16\/vereadores-da-bancada-progressistas-de-estrela-velha-e-o-prefeito-municipal-reivindicam-maquinas-no-gabinete-da-secretaria-estadual-da-agricultura-pecuaria-e-desenvolvimento-rural-silvana-covatti\/","title":{"rendered":"Vereadores da Bancada Progressistas de Estrela Velha e o Prefeito Municipal reivindicam m\u00e1quinas no Gabinete da Secret\u00e1ria Estadual da Agricultura, Pecu\u00e1ria e Desenvolvimento Rural Silvana Covatti"},"content":{"rendered":"\n<p id=\"block-f9807fb6-6518-4aea-b5bc-d84fe86ef9f8\"><strong>Vereadores da Bancada Progressistas de Estrela Velha e o Prefeito Municipal reivindicam m\u00e1quinas no Gabinete da Secret\u00e1ria Estadual da Agricultura, Pecu\u00e1ria e Desenvolvimento Rural Silvana Covatti<\/strong><\/p>\n\n\n\n<p id=\"block-005890ad-ea1e-40b9-8584-302b920d4a22\">O Presidente da C\u00e2mara Jardel Silveira e o Vereador Valdir Freese, em nome da Bancada Progressistas, juntamente com o Prefeito Municipal Alexander Castilhos, estiveram no dia de ontem, 15 de junho de 2021, reunidos com a Secret\u00e1ria Estadual da Agricultura, Pecu\u00e1ria e Desenvolvimento Rural Silvana Covatti, para a solicita\u00e7\u00e3o de ced\u00eancia de uso de 1 (uma) Escavadeira Hidr\u00e1ulica para auxiliar na recupera\u00e7\u00e3o das estradas e demais demandas de trabalhos do nosso munic\u00edpio.<\/p>\n\n\n\n<p id=\"block-e4b5e502-fcd2-4749-bf8a-c3f23586b344\">Na oportunidade os Vereadores Jardel Silveira e Valdir Freese ainda solicitaram uma m\u00e1quina para limpeza do po\u00e7o artesiano da localidade de Rinc\u00e3o do Espinilho para que possa solucionar a normaliza\u00e7\u00e3o do abastecimento de \u00e1gua de aproximadamente 120 pessoas da localidade.<\/p>\n","protected":false},"excerpt":{"rendered":"<p>Vereadores da Bancada Progressistas de Estrela Velha e o Prefeito Municipal reivindicam m\u00e1quinas no Gabinete da Secret\u00e1ria Estadual da Agricultura, Pecu\u00e1ria e Desenvolvimento Rural Silvana Covatti O Presidente da C\u00e2mara Jardel Silveira e o Vereador Valdir Freese, em nome da Bancada Progressistas, juntamente com o Prefeito Municipal Alexander Castilhos, estiveram no dia de ontem, 15 [&hellip;]<\/p>\n","protected":false},"author":5,"featured_media":3834,"comment_status":"open","ping_status":"open","sticky":false,"template":"","format":"standard","meta":{"episode_type":"","audio_file":"","duration":"","filesize":"","date_recorded":"","explicit":"","block":"","filesize_raw":""},"categories":[5],"tags":[],"_links":{"self":[{"href":"https:\/\/www.camaraestrelavelha.rs.gov.br\/portal\/wp-json\/wp\/v2\/posts\/3836"}],"collection":[{"href":"https:\/\/www.camaraestrelavelha.rs.gov.br\/portal\/wp-json\/wp\/v2\/posts"}],"about":[{"href":"https:\/\/www.camaraestrelavelha.rs.gov.br\/portal\/wp-json\/wp\/v2\/types\/post"}],"author":[{"embeddable":true,"href":"https:\/\/www.camaraestrelavelha.rs.gov.br\/portal\/wp-json\/wp\/v2\/users\/5"}],"replies":[{"embeddable":true,"href":"https:\/\/www.camaraestrelavelha.rs.gov.br\/portal\/wp-json\/wp\/v2\/comments?post=3836"}],"version-history":[{"count":1,"href":"https:\/\/www.camaraestrelavelha.rs.gov.br\/portal\/wp-json\/wp\/v2\/posts\/3836\/revisions"}],"predecessor-version":[{"id":3837,"href":"https:\/\/www.camaraestrelavelha.rs.gov.br\/portal\/wp-json\/wp\/v2\/posts\/3836\/revisions\/3837"}],"wp:featuredmedia":[{"embeddable":true,"href":"https:\/\/www.camaraestrelavelha.rs.gov.br\/portal\/wp-json\/wp\/v2\/media\/3834"}],"wp:attachment":[{"href":"https:\/\/www.camaraestrelavelha.rs.gov.br\/portal\/wp-json\/wp\/v2\/media?parent=3836"}],"wp:term":[{"taxonomy":"category","embeddable":true,"href":"https:\/\/www.camaraestrelavelha.rs.gov.br\/portal\/wp-json\/wp\/v2\/categories?post=3836"},{"taxonomy":"post_tag","embeddable":true,"href":"https:\/\/www.camaraestrelavelha.rs.gov.br\/portal\/wp-json\/wp\/v2\/tags?post=3836"}],"curies":[{"name":"wp","href":"https:\/\/api.w.org\/{rel}","templated":true}]}}