{"id":3888,"date":"2021-07-02T09:55:50","date_gmt":"2021-07-02T12:55:50","guid":{"rendered":"http:\/\/camaraestrelavelha.rs.gov.br\/portal\/?p=3888"},"modified":"2021-07-02T09:55:51","modified_gmt":"2021-07-02T12:55:51","slug":"resumo-da-1-sessao-extraordinaria-realizada-no-dia-1-de-julho-as-1830-horas","status":"publish","type":"post","link":"https:\/\/www.camaraestrelavelha.rs.gov.br\/portal\/2021\/07\/02\/resumo-da-1-sessao-extraordinaria-realizada-no-dia-1-de-julho-as-1830-horas\/","title":{"rendered":"Resumo da 1\u00b0 Sess\u00e3o Extraordin\u00e1ria realizada no dia 1\u00b0 de julho, as 18:30 horas"},"content":{"rendered":"\n<p><strong>RESUMO DA 1\u00b0 SESS\u00c3O EXTRAORDIN\u00c1RIA DA<\/strong><\/p>\n\n\n\n<p><strong>C\u00c2MARA MUNICIPAL DE VEREADORES DE ESTRELA VELHA<\/strong><\/p>\n\n\n\n<p><strong>Data: 1\u00b0 de julho de 2021<\/strong><\/p>\n\n\n\n<p><strong>Hor\u00e1rio: 18:30 horas<\/strong><\/p>\n\n\n\n<p><strong>Local: Sala de Sess\u00f5es Erno Billig<\/strong><\/p>\n\n\n\n<p><strong>NA PAUTA CONSTOU:<\/strong><\/p>\n\n\n\n<p><strong>#Projeto de Lei n\u00b0 1.402<\/strong>, de 03 de maio de 2021, de autoria do Poder Executivo Municipal que \u201cAltera o paragrafo \u00fanico, do artigo 149, da Lei Municipal n\u00b0 935, de 30 de dezembro de 2010\u201d.<\/p>\n\n\n\n<p><strong># Projeto de Lei do Executivo n\u00b0 1.409, <\/strong>de 23 de junho de 2021, de autoria do Poder Executivo Municipal que \u201cAutoriza a abertura de cr\u00e9dito especial no montante de noventa e quatro mil, duzentos e setenta e tr\u00eas reais e cinquenta centavos\u201d. Aprovado por Unanimidade.<\/p>\n\n\n\n<p><strong># Substitutivo n\u00b0 01\/2021, de 30 junho de 2021, ao Projeto de Lei n\u00b0 1.402, de 03 de maio de 2021, <\/strong>que \u201cAltera o paragrafo \u00fanico do artigo 149, da Lei Municipal n\u00b0 935, de 30 de dezembro de 2010, renumerando para \u00a7 1\u00b0, e acrescenta o \u00a7 2\u00b0 no referido artigo, e d\u00e1 outras provid\u00eancias\u201d. Aprovado por Unanimidade.<\/p>\n\n\n\n<p>Sala da Presid\u00eancia, em 02 de julho de 2021.<\/p>\n\n\n\n<p>Jardel Silveira<\/p>\n\n\n\n<p>Presidente<strong><\/strong><\/p>\n","protected":false},"excerpt":{"rendered":"<p>RESUMO DA 1\u00b0 SESS\u00c3O EXTRAORDIN\u00c1RIA DA C\u00c2MARA MUNICIPAL DE VEREADORES DE ESTRELA VELHA Data: 1\u00b0 de julho de 2021 Hor\u00e1rio: 18:30 horas Local: Sala de Sess\u00f5es Erno Billig NA PAUTA CONSTOU: #Projeto de Lei n\u00b0 1.402, de 03 de maio de 2021, de autoria do Poder Executivo Municipal que \u201cAltera o paragrafo \u00fanico, do artigo [&hellip;]<\/p>\n","protected":false},"author":5,"featured_media":0,"comment_status":"open","ping_status":"open","sticky":false,"template":"","format":"standard","meta":{"episode_type":"","audio_file":"","duration":"","filesize":"","date_recorded":"","explicit":"","block":"","filesize_raw":""},"categories":[6],"tags":[],"_links":{"self":[{"href":"https:\/\/www.camaraestrelavelha.rs.gov.br\/portal\/wp-json\/wp\/v2\/posts\/3888"}],"collection":[{"href":"https:\/\/www.camaraestrelavelha.rs.gov.br\/portal\/wp-json\/wp\/v2\/posts"}],"about":[{"href":"https:\/\/www.camaraestrelavelha.rs.gov.br\/portal\/wp-json\/wp\/v2\/types\/post"}],"author":[{"embeddable":true,"href":"https:\/\/www.camaraestrelavelha.rs.gov.br\/portal\/wp-json\/wp\/v2\/users\/5"}],"replies":[{"embeddable":true,"href":"https:\/\/www.camaraestrelavelha.rs.gov.br\/portal\/wp-json\/wp\/v2\/comments?post=3888"}],"version-history":[{"count":1,"href":"https:\/\/www.camaraestrelavelha.rs.gov.br\/portal\/wp-json\/wp\/v2\/posts\/3888\/revisions"}],"predecessor-version":[{"id":3890,"href":"https:\/\/www.camaraestrelavelha.rs.gov.br\/portal\/wp-json\/wp\/v2\/posts\/3888\/revisions\/3890"}],"wp:attachment":[{"href":"https:\/\/www.camaraestrelavelha.rs.gov.br\/portal\/wp-json\/wp\/v2\/media?parent=3888"}],"wp:term":[{"taxonomy":"category","embeddable":true,"href":"https:\/\/www.camaraestrelavelha.rs.gov.br\/portal\/wp-json\/wp\/v2\/categories?post=3888"},{"taxonomy":"post_tag","embeddable":true,"href":"https:\/\/www.camaraestrelavelha.rs.gov.br\/portal\/wp-json\/wp\/v2\/tags?post=3888"}],"curies":[{"name":"wp","href":"https:\/\/api.w.org\/{rel}","templated":true}]}}