{"id":4124,"date":"2021-09-03T08:13:42","date_gmt":"2021-09-03T11:13:42","guid":{"rendered":"http:\/\/camaraestrelavelha.rs.gov.br\/portal\/?p=4124"},"modified":"2024-10-24T10:11:42","modified_gmt":"2024-10-24T13:11:42","slug":"vereadores-da-bancada-progressistas-estiveram-reunidos-com-o-deputado-federal-covatti-filho","status":"publish","type":"post","link":"https:\/\/www.camaraestrelavelha.rs.gov.br\/portal\/2021\/09\/03\/vereadores-da-bancada-progressistas-estiveram-reunidos-com-o-deputado-federal-covatti-filho\/","title":{"rendered":"Vereadores da Bancada Progressistas estiveram reunidos com o Deputado Federal Covatti Filho"},"content":{"rendered":"\n<p>Vereadores da Bancada Progressistas estiveram reunidos com o Deputado Federal Covatti Filho<\/p>\n\n\n\n<p>Os Vereadores da Bancada Progressistas Jardel Silveira, Valdir Freese, Mateus Cristian Ebert estiveram no dia 1\u00b0 de setembro de 2021 pela parte da manh\u00e3 no Gabinete do Deputado Federal Covatti Filho em Porto Alegre para encaminhar reivindica\u00e7\u00f5es atrav\u00e9s de Recursos Federais e Apoio Parlamentar para atender demandas e necessidades dos agricultores rurais do munic\u00edpio, tamb\u00e9m tivemos a confirma\u00e7\u00e3o de pedido feito pela Bancada Progressistas em mar\u00e7o de 2021, quando ainda o Secret\u00e1rio Estadual da Agricultura era o Deputado Federal Covatti Filho para aquisi\u00e7\u00e3o de um kit ensiladeira para atender a Associa\u00e7\u00e3o de produtores de leite e gado de corte. Os equipamentos ser\u00e3o adquiridos e entregues pela atual Secret\u00e1ria Estadual da Agricultura Silvana Covatti.<\/p>\n","protected":false},"excerpt":{"rendered":"<p>Vereadores da Bancada Progressistas estiveram reunidos com o Deputado Federal Covatti Filho Os Vereadores da Bancada Progressistas Jardel Silveira, Valdir Freese, Mateus Cristian Ebert estiveram no dia 1\u00b0 de setembro de 2021 pela parte da manh\u00e3 no Gabinete do Deputado Federal Covatti Filho em Porto Alegre para encaminhar reivindica\u00e7\u00f5es atrav\u00e9s de Recursos Federais e Apoio [&hellip;]<\/p>\n","protected":false},"author":5,"featured_media":4125,"comment_status":"open","ping_status":"open","sticky":false,"template":"","format":"standard","meta":{"episode_type":"","audio_file":"","duration":"","filesize":"","date_recorded":"","explicit":"","block":"","filesize_raw":""},"categories":[5],"tags":[],"_links":{"self":[{"href":"https:\/\/www.camaraestrelavelha.rs.gov.br\/portal\/wp-json\/wp\/v2\/posts\/4124"}],"collection":[{"href":"https:\/\/www.camaraestrelavelha.rs.gov.br\/portal\/wp-json\/wp\/v2\/posts"}],"about":[{"href":"https:\/\/www.camaraestrelavelha.rs.gov.br\/portal\/wp-json\/wp\/v2\/types\/post"}],"author":[{"embeddable":true,"href":"https:\/\/www.camaraestrelavelha.rs.gov.br\/portal\/wp-json\/wp\/v2\/users\/5"}],"replies":[{"embeddable":true,"href":"https:\/\/www.camaraestrelavelha.rs.gov.br\/portal\/wp-json\/wp\/v2\/comments?post=4124"}],"version-history":[{"count":1,"href":"https:\/\/www.camaraestrelavelha.rs.gov.br\/portal\/wp-json\/wp\/v2\/posts\/4124\/revisions"}],"predecessor-version":[{"id":4126,"href":"https:\/\/www.camaraestrelavelha.rs.gov.br\/portal\/wp-json\/wp\/v2\/posts\/4124\/revisions\/4126"}],"wp:featuredmedia":[{"embeddable":true,"href":"https:\/\/www.camaraestrelavelha.rs.gov.br\/portal\/wp-json\/wp\/v2\/media\/4125"}],"wp:attachment":[{"href":"https:\/\/www.camaraestrelavelha.rs.gov.br\/portal\/wp-json\/wp\/v2\/media?parent=4124"}],"wp:term":[{"taxonomy":"category","embeddable":true,"href":"https:\/\/www.camaraestrelavelha.rs.gov.br\/portal\/wp-json\/wp\/v2\/categories?post=4124"},{"taxonomy":"post_tag","embeddable":true,"href":"https:\/\/www.camaraestrelavelha.rs.gov.br\/portal\/wp-json\/wp\/v2\/tags?post=4124"}],"curies":[{"name":"wp","href":"https:\/\/api.w.org\/{rel}","templated":true}]}}