{"id":4756,"date":"2021-12-21T08:15:07","date_gmt":"2021-12-21T11:15:07","guid":{"rendered":"http:\/\/camaraestrelavelha.rs.gov.br\/portal\/?p=4756"},"modified":"2024-10-24T10:13:27","modified_gmt":"2024-10-24T13:13:27","slug":"eleita-nova-mesa-diretora-para-o-ano-de-2022","status":"publish","type":"post","link":"https:\/\/www.camaraestrelavelha.rs.gov.br\/portal\/2021\/12\/21\/eleita-nova-mesa-diretora-para-o-ano-de-2022\/","title":{"rendered":"Eleita Nova Mesa Diretora para o ano de 2022"},"content":{"rendered":"\n<p>Na noite desta segunda-feira dia 20 de dezembro de 2021 durante a 33\u00b0 Sess\u00e3o Ordin\u00e1ria foi eleita a nova mesa diretora para o ano de 2022, sendo composta pelo Vereador Dieison Neu (PDT)- Presidente; Vereador Ant\u00f4nio Rosalvo Drum (Progressistas) -Vice-Presidente; Vereador Valdir Freese (Progressitas) &#8211; Secret\u00e1rio; Vereador Deocl\u00e9cio Ravanello (Progressistas) &#8211; 2\u00b0 Secret\u00e1rio. Na oportunidade tamb\u00e9m foram constitu\u00eddas as comiss\u00f5es permanentes.<\/p>\n","protected":false},"excerpt":{"rendered":"<p>Na noite desta segunda-feira dia 20 de dezembro de 2021 durante a 33\u00b0 Sess\u00e3o Ordin\u00e1ria foi eleita a nova mesa diretora para o ano de 2022, sendo composta pelo Vereador Dieison Neu (PDT)- Presidente; Vereador Ant\u00f4nio Rosalvo Drum (Progressistas) -Vice-Presidente; Vereador Valdir Freese (Progressitas) &#8211; Secret\u00e1rio; Vereador Deocl\u00e9cio Ravanello (Progressistas) &#8211; 2\u00b0 Secret\u00e1rio. Na oportunidade [&hellip;]<\/p>\n","protected":false},"author":5,"featured_media":4741,"comment_status":"open","ping_status":"open","sticky":false,"template":"","format":"standard","meta":{"episode_type":"","audio_file":"","duration":"","filesize":"","date_recorded":"","explicit":"","block":"","filesize_raw":""},"categories":[5],"tags":[],"_links":{"self":[{"href":"https:\/\/www.camaraestrelavelha.rs.gov.br\/portal\/wp-json\/wp\/v2\/posts\/4756"}],"collection":[{"href":"https:\/\/www.camaraestrelavelha.rs.gov.br\/portal\/wp-json\/wp\/v2\/posts"}],"about":[{"href":"https:\/\/www.camaraestrelavelha.rs.gov.br\/portal\/wp-json\/wp\/v2\/types\/post"}],"author":[{"embeddable":true,"href":"https:\/\/www.camaraestrelavelha.rs.gov.br\/portal\/wp-json\/wp\/v2\/users\/5"}],"replies":[{"embeddable":true,"href":"https:\/\/www.camaraestrelavelha.rs.gov.br\/portal\/wp-json\/wp\/v2\/comments?post=4756"}],"version-history":[{"count":1,"href":"https:\/\/www.camaraestrelavelha.rs.gov.br\/portal\/wp-json\/wp\/v2\/posts\/4756\/revisions"}],"predecessor-version":[{"id":4757,"href":"https:\/\/www.camaraestrelavelha.rs.gov.br\/portal\/wp-json\/wp\/v2\/posts\/4756\/revisions\/4757"}],"wp:featuredmedia":[{"embeddable":true,"href":"https:\/\/www.camaraestrelavelha.rs.gov.br\/portal\/wp-json\/wp\/v2\/media\/4741"}],"wp:attachment":[{"href":"https:\/\/www.camaraestrelavelha.rs.gov.br\/portal\/wp-json\/wp\/v2\/media?parent=4756"}],"wp:term":[{"taxonomy":"category","embeddable":true,"href":"https:\/\/www.camaraestrelavelha.rs.gov.br\/portal\/wp-json\/wp\/v2\/categories?post=4756"},{"taxonomy":"post_tag","embeddable":true,"href":"https:\/\/www.camaraestrelavelha.rs.gov.br\/portal\/wp-json\/wp\/v2\/tags?post=4756"}],"curies":[{"name":"wp","href":"https:\/\/api.w.org\/{rel}","templated":true}]}}