{"id":5264,"date":"2022-03-22T08:13:06","date_gmt":"2022-03-22T11:13:06","guid":{"rendered":"http:\/\/camaraestrelavelha.rs.gov.br\/portal\/?p=5264"},"modified":"2022-03-22T08:13:07","modified_gmt":"2022-03-22T11:13:07","slug":"resumo-da-5-sessao-ordinaria-realizada-em-21-de-marco","status":"publish","type":"post","link":"https:\/\/www.camaraestrelavelha.rs.gov.br\/portal\/2022\/03\/22\/resumo-da-5-sessao-ordinaria-realizada-em-21-de-marco\/","title":{"rendered":"Resumo da 5\u00b0 Sess\u00e3o Ordin\u00e1ria realizada em 21 de mar\u00e7o"},"content":{"rendered":"\n<p><strong>RESUMO DA 5\u00ba SESS\u00c3O ORDIN\u00c1RIA DA<\/strong><\/p>\n\n\n\n<p><strong>C\u00c2MARA MUNICIPAL DE VEREADORES DE ESTRELA VELHA<\/strong><\/p>\n\n\n\n<p><strong>Data: 21 de mar\u00e7o de 2022<\/strong><\/p>\n\n\n\n<p><strong>Hor\u00e1rio: 18:30 horas<\/strong><\/p>\n\n\n\n<p><strong>Local: Sala de Sess\u00f5es Erno Billig<\/strong><\/p>\n\n\n\n<p><strong>NA PAUTA CONSTOU:<\/strong><strong><\/strong><\/p>\n\n\n\n<p><a><strong># Projeto de Lei n\u00b0 1.451, <\/strong><\/a>de 14 de mar\u00e7o de 2022, de autoria do Poder Executivo Municipal que \u201cAutoriza a abertura de cr\u00e9dito especial no montante de dez mil e quinhentos reais\u201d. Aprovado por Unanimidade.<\/p>\n\n\n\n<p><strong># Projeto de Lei n\u00b0 1.452, <\/strong>de 14 de mar\u00e7o de 2022, de autoria do Poder Executivo Municipal que \u201cAutoriza a abertura de cr\u00e9dito especial no montante de vinte mil e trezentos e noventa e cinco reais e oitenta centavos\u201d. Aprovado por Unanimidade.<\/p>\n\n\n\n<p><strong># Projeto de Lei n\u00b0 1.453<\/strong>, de 21 de mar\u00e7o de 2022, de autoria do Poder Executivo Municipal que \u201cAutoriza a contrata\u00e7\u00e3o tempor\u00e1ria de servidores, por excepcional interesse p\u00fablico, para o cargo de operador de m\u00e1quinas, e d\u00e1 outras provid\u00eancias\u201d.<\/p>\n\n\n\n<p><strong>Pr\u00f3xima Sess\u00e3o Ordin\u00e1ria acontecer\u00e1 no dia 28 de mar\u00e7o de 2022, \u00e0s 18:30 horas.<\/strong><\/p>\n\n\n\n<p>Sala da Presid\u00eancia, em 22 de mar\u00e7o de 2022.<\/p>\n\n\n\n<p>Ant\u00f4nio Rosalvo Drum<\/p>\n\n\n\n<p>Vice-Presidente no exerc\u00edcio da Presid\u00eancia<\/p>\n","protected":false},"excerpt":{"rendered":"<p>RESUMO DA 5\u00ba SESS\u00c3O ORDIN\u00c1RIA DA C\u00c2MARA MUNICIPAL DE VEREADORES DE ESTRELA VELHA Data: 21 de mar\u00e7o de 2022 Hor\u00e1rio: 18:30 horas Local: Sala de Sess\u00f5es Erno Billig NA PAUTA CONSTOU: # Projeto de Lei n\u00b0 1.451, de 14 de mar\u00e7o de 2022, de autoria do Poder Executivo Municipal que \u201cAutoriza a abertura de cr\u00e9dito [&hellip;]<\/p>\n","protected":false},"author":5,"featured_media":0,"comment_status":"open","ping_status":"open","sticky":false,"template":"","format":"standard","meta":{"episode_type":"","audio_file":"","duration":"","filesize":"","date_recorded":"","explicit":"","block":"","filesize_raw":""},"categories":[6],"tags":[],"_links":{"self":[{"href":"https:\/\/www.camaraestrelavelha.rs.gov.br\/portal\/wp-json\/wp\/v2\/posts\/5264"}],"collection":[{"href":"https:\/\/www.camaraestrelavelha.rs.gov.br\/portal\/wp-json\/wp\/v2\/posts"}],"about":[{"href":"https:\/\/www.camaraestrelavelha.rs.gov.br\/portal\/wp-json\/wp\/v2\/types\/post"}],"author":[{"embeddable":true,"href":"https:\/\/www.camaraestrelavelha.rs.gov.br\/portal\/wp-json\/wp\/v2\/users\/5"}],"replies":[{"embeddable":true,"href":"https:\/\/www.camaraestrelavelha.rs.gov.br\/portal\/wp-json\/wp\/v2\/comments?post=5264"}],"version-history":[{"count":1,"href":"https:\/\/www.camaraestrelavelha.rs.gov.br\/portal\/wp-json\/wp\/v2\/posts\/5264\/revisions"}],"predecessor-version":[{"id":5266,"href":"https:\/\/www.camaraestrelavelha.rs.gov.br\/portal\/wp-json\/wp\/v2\/posts\/5264\/revisions\/5266"}],"wp:attachment":[{"href":"https:\/\/www.camaraestrelavelha.rs.gov.br\/portal\/wp-json\/wp\/v2\/media?parent=5264"}],"wp:term":[{"taxonomy":"category","embeddable":true,"href":"https:\/\/www.camaraestrelavelha.rs.gov.br\/portal\/wp-json\/wp\/v2\/categories?post=5264"},{"taxonomy":"post_tag","embeddable":true,"href":"https:\/\/www.camaraestrelavelha.rs.gov.br\/portal\/wp-json\/wp\/v2\/tags?post=5264"}],"curies":[{"name":"wp","href":"https:\/\/api.w.org\/{rel}","templated":true}]}}