{"id":5756,"date":"2022-07-06T08:43:53","date_gmt":"2022-07-06T11:43:53","guid":{"rendered":"http:\/\/camaraestrelavelha.rs.gov.br\/portal\/?p=5756"},"modified":"2024-10-24T10:16:18","modified_gmt":"2024-10-24T13:16:18","slug":"sucessao-familiar-os-negocios-nas-maos-das-futuras-geracoes-3","status":"publish","type":"post","link":"https:\/\/www.camaraestrelavelha.rs.gov.br\/portal\/2022\/07\/06\/sucessao-familiar-os-negocios-nas-maos-das-futuras-geracoes-3\/","title":{"rendered":"SUCESS\u00c3O FAMILIAR: OS NEG\u00d3CIOS NAS M\u00c3OS DAS FUTURAS GERA\u00c7\u00d5ES."},"content":{"rendered":"\n<p><strong>SUCESS\u00c3O FAMILIAR: OS NEG\u00d3CIOS NAS M\u00c3OS DAS FUTURAS GERA\u00c7\u00d5ES.<\/strong><\/p>\n\n\n\n<p>A c\u00e2mara municipal de vereadores, por meio do Programa C\u00e2mara Cidad\u00e3, tem como objetivo aproximar o legislativo da comunidade. Deste modo, nos dias 30 de junho e 1\u00b0 de julho, atrav\u00e9s das palestras \u201cSucess\u00e3o familiar: os neg\u00f3cios nas m\u00e3os das futuras gera\u00e7\u00f5es\u201d buscamos a valoriza\u00e7\u00e3o do meio rural perante a nossa comunidade, objetivando aprimorar as lideran\u00e7as, apreciando nossas ra\u00edzes, valorizando o conhecimento de nossos pais e av\u00f3s e incentivando em nossos jovens a import\u00e2ncia da experi\u00eancia e perman\u00eancia no meio rural.<\/p>\n\n\n\n<p>Deste modo, agradecemos a presen\u00e7a de todos e de forma especial os pais, alunos, a dire\u00e7\u00e3o, professores e funcion\u00e1rios da Escola de Ensino M\u00e9dio Estrela Velha e da Escola Municipal de Ensino Fundamental \u00c1lvaro Rodrigues Leit\u00e3o, como tamb\u00e9m, a parceria e aux\u00edlio das Secretarias Municipais de Educa\u00e7\u00e3o e Obras, para realiza\u00e7\u00e3o do evento.<\/p>\n\n\n\n<p>Ainda, agradecemos as demais empresas, com\u00e9rcio e entidades que colaboraram para realiza\u00e7\u00e3o deste evento, auxiliando na divulga\u00e7\u00e3o e participa\u00e7\u00e3o.<\/p>\n\n\n\n<p><strong>Independente do que os outros dizem, acredite sempre em voc\u00ea!<\/strong><\/p>\n\n\n\n<p><strong>V\u00e1 em busca de seus sonhos, n\u00e3o perca o foco. Saia de casa dizendo \u201cVai ser bom, vai ser bom\u201d.<\/strong><\/p>\n\n\n\n<p><strong>E assim transforme todos os seus dias em algo positivo. Tenha sempre em mente o seu verdadeiro objetivo, e batalhe por ele. Comece agora, nunca \u00e9 tarde para come\u00e7ar!!!! Autor Gabriel Colle, Livro: \u201cSeja diferente no mundo dos semelhantes\u201d.<\/strong><\/p>\n","protected":false},"excerpt":{"rendered":"<p>SUCESS\u00c3O FAMILIAR: OS NEG\u00d3CIOS NAS M\u00c3OS DAS FUTURAS GERA\u00c7\u00d5ES. A c\u00e2mara municipal de vereadores, por meio do Programa C\u00e2mara Cidad\u00e3, tem como objetivo aproximar o legislativo da comunidade. Deste modo, nos dias 30 de junho e 1\u00b0 de julho, atrav\u00e9s das palestras \u201cSucess\u00e3o familiar: os neg\u00f3cios nas m\u00e3os das futuras gera\u00e7\u00f5es\u201d buscamos a valoriza\u00e7\u00e3o do [&hellip;]<\/p>\n","protected":false},"author":5,"featured_media":5761,"comment_status":"open","ping_status":"open","sticky":false,"template":"","format":"standard","meta":{"episode_type":"","audio_file":"","duration":"","filesize":"","date_recorded":"","explicit":"","block":"","filesize_raw":""},"categories":[5],"tags":[],"_links":{"self":[{"href":"https:\/\/www.camaraestrelavelha.rs.gov.br\/portal\/wp-json\/wp\/v2\/posts\/5756"}],"collection":[{"href":"https:\/\/www.camaraestrelavelha.rs.gov.br\/portal\/wp-json\/wp\/v2\/posts"}],"about":[{"href":"https:\/\/www.camaraestrelavelha.rs.gov.br\/portal\/wp-json\/wp\/v2\/types\/post"}],"author":[{"embeddable":true,"href":"https:\/\/www.camaraestrelavelha.rs.gov.br\/portal\/wp-json\/wp\/v2\/users\/5"}],"replies":[{"embeddable":true,"href":"https:\/\/www.camaraestrelavelha.rs.gov.br\/portal\/wp-json\/wp\/v2\/comments?post=5756"}],"version-history":[{"count":1,"href":"https:\/\/www.camaraestrelavelha.rs.gov.br\/portal\/wp-json\/wp\/v2\/posts\/5756\/revisions"}],"predecessor-version":[{"id":5764,"href":"https:\/\/www.camaraestrelavelha.rs.gov.br\/portal\/wp-json\/wp\/v2\/posts\/5756\/revisions\/5764"}],"wp:featuredmedia":[{"embeddable":true,"href":"https:\/\/www.camaraestrelavelha.rs.gov.br\/portal\/wp-json\/wp\/v2\/media\/5761"}],"wp:attachment":[{"href":"https:\/\/www.camaraestrelavelha.rs.gov.br\/portal\/wp-json\/wp\/v2\/media?parent=5756"}],"wp:term":[{"taxonomy":"category","embeddable":true,"href":"https:\/\/www.camaraestrelavelha.rs.gov.br\/portal\/wp-json\/wp\/v2\/categories?post=5756"},{"taxonomy":"post_tag","embeddable":true,"href":"https:\/\/www.camaraestrelavelha.rs.gov.br\/portal\/wp-json\/wp\/v2\/tags?post=5756"}],"curies":[{"name":"wp","href":"https:\/\/api.w.org\/{rel}","templated":true}]}}