{"id":5800,"date":"2022-08-02T08:21:14","date_gmt":"2022-08-02T11:21:14","guid":{"rendered":"http:\/\/camaraestrelavelha.rs.gov.br\/portal\/?p=5800"},"modified":"2022-08-02T08:22:42","modified_gmt":"2022-08-02T11:22:42","slug":"5800","status":"publish","type":"post","link":"https:\/\/www.camaraestrelavelha.rs.gov.br\/portal\/2022\/08\/02\/5800\/","title":{"rendered":"RESUMO DA 16\u00b0 SESS\u00c3O ORDIN\u00c1RIA de 2022"},"content":{"rendered":"\n<p><strong>RESUMO DA 16\u00b0 SESS\u00c3O ORDIN\u00c1RIA DA<\/strong><\/p>\n\n\n\n<p><strong>C\u00c2MARA MUNICIPAL DE VEREADORES DE ESTRELA VELHA<\/strong><\/p>\n\n\n\n<p><strong>Data: 01 de agosto de 2022<\/strong><\/p>\n\n\n\n<p><strong>Hor\u00e1rio: 18 horas<\/strong><\/p>\n\n\n\n<p><strong>Local: Sala de Sess\u00f5es Erno Billig<\/strong><\/p>\n\n\n\n<p><strong>Pauta Constou:<\/strong><\/p>\n\n\n\n<p><strong># Pedido de Provid\u00eancia n\u00b0 08, <\/strong>de 27 de julho de 2022, de autoria do vereador Jardel Silveira (PP), onde Prop\u00f5e ao Poder Executivo Municipal, atrav\u00e9s da Secretaria Municipal de Obras, Servi\u00e7os e Tr\u00e2nsito, para que seja providenciado com urg\u00eancia: <strong>Ilumina\u00e7\u00e3o P\u00fablica ( troca de l\u00e2mpadas) na Rua Lauro Billig de Castilhos, Bairro Centro, na entrada do cal\u00e7amento, quase em frente \u00e0 Loja Comercial Scapin, como tamb\u00e9m, em frente \u00e0 resid\u00eancia do Sr. Afonso Silveira, na localidade de Col\u00f4nia Juvenilha, interior do munic\u00edpio. <\/strong>Encaminhada ao Executivo Municipal.<\/p>\n\n\n\n<p><strong># Indica\u00e7\u00e3o n\u00b0 04, <\/strong>de 27 de julho de 2022, de autoria do Vereador Jardel Silveira (PP), onde Prop\u00f5e ao Poder Executivo Municipal, atrav\u00e9s da Secretaria Municipal de Obras, Servi\u00e7os e Tr\u00e2nsito, para que seja realizado estudos de viabilidade para cria\u00e7\u00e3o de uma vaga para opera\u00e7\u00e3o de carga e descarga de ve\u00edculos com placa sinalizando o uso exclusivo de segunda-feira \u00e0 sexta-feira, perman\u00eancia m\u00e1xima de 10 (dez) minutos, das 08 horas \u00e0s 17 horas, na Rua Setembrino Pinto Pereira, ao lado da Farm\u00e1cia da Unidade do Posto de Sa\u00fade da sede do Munic\u00edpio, onde est\u00e1 em amplia\u00e7\u00e3o. Encaminhada ao Executivo Municipal.<\/p>\n\n\n\n<p><strong># Projeto Decreto Legislativo n\u00b0 01, <\/strong>de 01 de julho de 2022, de autoria da Comiss\u00e3o de Constitui\u00e7\u00e3o, Justi\u00e7a e Reda\u00e7\u00e3o, onde \u201cDisp\u00f5e sobre o processo de contas do Poder Executivo, referente ao exerc\u00edcio de 2018\u201d. Baixado nas Comiss\u00f5es para estudo.<\/p>\n\n\n\n<p><strong># Projeto de Lei do Executivo n\u00b0 1.464, <\/strong>de 26 de julho de 2022, de autoria do Poder Executivo Municipal, onde \u201cAutoriza a contrata\u00e7\u00e3o tempor\u00e1ria de servidores, por excepcional interesse p\u00fablico, e d\u00e1 outras provid\u00eancias\u201d. Baixado nas Comiss\u00f5es para estudo.<\/p>\n\n\n\n<p><strong># Projeto de Lei do Executivo n\u00b0 1.465, <\/strong>de 26 de julho de 2022, de autoria do Poder Executivo Municipal, onde \u201cAutoriza a abertura de cr\u00e9dito especial no montante de cem mil e vinte e sete reais\u201d. Baixado nas Comiss\u00f5es para estudo.<\/p>\n\n\n\n<p><strong># Projeto de Lei do Executivo n\u00b0 1.466, <\/strong>de 26 de julho de 2022, de autoria do Poder Executivo Municipal, onde \u201cAutoriza a abertura de cr\u00e9dito especial no montante de cinquenta mil reais\u201d. Baixado nas Comiss\u00f5es para estudo.<strong><\/strong><\/p>\n\n\n\n<p><strong>Pr\u00f3xima Sess\u00e3o Ordin\u00e1ria acontecer\u00e1 no dia 08 de agosto de 2022, \u00e0s 18 horas.<\/strong><\/p>\n\n\n\n<p>Sala da Presid\u00eancia, em 02 de agosto de 2022.<\/p>\n\n\n\n<p>Dieison Neu<\/p>\n\n\n\n<p>Presidente<\/p>\n","protected":false},"excerpt":{"rendered":"<p>RESUMO DA 16\u00b0 SESS\u00c3O ORDIN\u00c1RIA DA C\u00c2MARA MUNICIPAL DE VEREADORES DE ESTRELA VELHA Data: 01 de agosto de 2022 Hor\u00e1rio: 18 horas Local: Sala de Sess\u00f5es Erno Billig Pauta Constou: # Pedido de Provid\u00eancia n\u00b0 08, de 27 de julho de 2022, de autoria do vereador Jardel Silveira (PP), onde Prop\u00f5e ao Poder Executivo Municipal, [&hellip;]<\/p>\n","protected":false},"author":5,"featured_media":0,"comment_status":"open","ping_status":"open","sticky":false,"template":"","format":"standard","meta":{"episode_type":"","audio_file":"","duration":"","filesize":"","date_recorded":"","explicit":"","block":"","filesize_raw":""},"categories":[6],"tags":[],"_links":{"self":[{"href":"https:\/\/www.camaraestrelavelha.rs.gov.br\/portal\/wp-json\/wp\/v2\/posts\/5800"}],"collection":[{"href":"https:\/\/www.camaraestrelavelha.rs.gov.br\/portal\/wp-json\/wp\/v2\/posts"}],"about":[{"href":"https:\/\/www.camaraestrelavelha.rs.gov.br\/portal\/wp-json\/wp\/v2\/types\/post"}],"author":[{"embeddable":true,"href":"https:\/\/www.camaraestrelavelha.rs.gov.br\/portal\/wp-json\/wp\/v2\/users\/5"}],"replies":[{"embeddable":true,"href":"https:\/\/www.camaraestrelavelha.rs.gov.br\/portal\/wp-json\/wp\/v2\/comments?post=5800"}],"version-history":[{"count":2,"href":"https:\/\/www.camaraestrelavelha.rs.gov.br\/portal\/wp-json\/wp\/v2\/posts\/5800\/revisions"}],"predecessor-version":[{"id":5803,"href":"https:\/\/www.camaraestrelavelha.rs.gov.br\/portal\/wp-json\/wp\/v2\/posts\/5800\/revisions\/5803"}],"wp:attachment":[{"href":"https:\/\/www.camaraestrelavelha.rs.gov.br\/portal\/wp-json\/wp\/v2\/media?parent=5800"}],"wp:term":[{"taxonomy":"category","embeddable":true,"href":"https:\/\/www.camaraestrelavelha.rs.gov.br\/portal\/wp-json\/wp\/v2\/categories?post=5800"},{"taxonomy":"post_tag","embeddable":true,"href":"https:\/\/www.camaraestrelavelha.rs.gov.br\/portal\/wp-json\/wp\/v2\/tags?post=5800"}],"curies":[{"name":"wp","href":"https:\/\/api.w.org\/{rel}","templated":true}]}}