{"id":5816,"date":"2022-08-09T08:17:21","date_gmt":"2022-08-09T11:17:21","guid":{"rendered":"http:\/\/camaraestrelavelha.rs.gov.br\/portal\/?p=5816"},"modified":"2022-08-09T08:17:22","modified_gmt":"2022-08-09T11:17:22","slug":"resumo-da-17-sessao-ordinaria-de-2022","status":"publish","type":"post","link":"https:\/\/www.camaraestrelavelha.rs.gov.br\/portal\/2022\/08\/09\/resumo-da-17-sessao-ordinaria-de-2022\/","title":{"rendered":"RESUMO DA 17\u00b0 SESS\u00c3O ORDIN\u00c1RIA de 2022"},"content":{"rendered":"\n<p><strong>RESUMO DA 17\u00b0 SESS\u00c3O ORDIN\u00c1RIA DA<\/strong><\/p>\n\n\n\n<p><strong>C\u00c2MARA MUNICIPAL DE VEREADORES DE ESTRELA VELHA<\/strong><\/p>\n\n\n\n<p><strong>Data: 08 de agosto de 2022<\/strong><\/p>\n\n\n\n<p><strong>Hor\u00e1rio: 18 horas<\/strong><\/p>\n\n\n\n<p><strong>Local: Sala de Sess\u00f5es Erno Billig<\/strong><\/p>\n\n\n\n<p><strong>Pauta Constou:<\/strong><\/p>\n\n\n\n<p><strong># Pedido de Informa\u00e7\u00e3o n\u00b0 01, <\/strong>de 02 de agosto de 2022, de autoria do vereador Deocl\u00e9cio Ravanello (PP), onde requer <strong>PEDIDO DE INFORMA\u00c7\u00c3O <\/strong>ao Exmo. Sr. Prefeito, por meio da Secretaria da Fazenda e Planejamento para que remeta ao Poder Legislativo a rela\u00e7\u00e3o de todas as Emendas Parlamentares recebidas pelo Munic\u00edpio nos anos de 2021 e 2022, conforme indica\u00e7\u00e3o partid\u00e1ria. Encaminhado ao Executivo Municipal.<\/p>\n\n\n\n<p><strong># Pedido de Informa\u00e7\u00e3o n\u00b0 02, <\/strong>de 02 de agosto de 2022, de autoria do vereador Deocl\u00e9cio Ravanello, onde solicita <strong>PEDIDO DE INFORMA\u00c7\u00c3O <\/strong>ao Exmo. Sr. Prefeito, por meio da Secretaria da Agricultura, Fomento Econ\u00f4mico e Meio Ambiente para que remeta ao Poder Legislativo a rela\u00e7\u00e3o de quantas horas de silagem j\u00e1 foram realizadas, exclusivamente para os produtores rurais cadastrados no Programa Municipal de Desenvolvimento da Bacia Leiteira neste ano corrente. Encaminhado o Executivo Municipal.<\/p>\n\n\n\n<p><strong># Pedido de Provid\u00eancia n\u00b0 09,<\/strong> de 08 de agosto de 2022, de autoria do vereador Valdir Freese, solicita <strong>PROVID\u00caNCIAS<\/strong> ao Executivo Municipal, atrav\u00e9s da Secretaria Municipal De Obras, Servi\u00e7os P\u00fablicos e Tr\u00e2nsito para que seja realizada a limpeza dos bueiros da estrada geral de Rinc\u00e3o do Espinilho, ressalta-se que s\u00e3o tr\u00eas bueiros, um na estrada geral, um que d\u00e1 acesso \u00e0s propriedades de Nilton Lu\u00eds Pereira da Silva, Armindo Lasch e as lavouras de Jo\u00e3o Carlos Voss e o outro que d\u00e1 acesso \u00e0s lavouras de Fernando Luiz da Silva. Aprovado por Unanimidade.<\/p>\n\n\n\n<p><strong># Projeto de Lei do Executivo n\u00b0 1.465, <\/strong>de 26 de julho de 2022, de autoria do Poder Executivo Municipal, onde \u201cAutoriza a abertura de cr\u00e9dito especial no montante de cem mil e vinte e sete reais\u201d. Aprovado por Unanimidade.<\/p>\n\n\n\n<p><strong># Projeto de Lei do Executivo n\u00b0 1.466, <\/strong>de 26 de julho de 2022, de autoria do Poder Executivo Municipal, onde \u201cAutoriza a abertura de cr\u00e9dito especial no montante de cinquenta mil reais\u201d. Aprovado por Unanimidade.<\/p>\n\n\n\n<p><strong>Pr\u00f3xima Sess\u00e3o Ordin\u00e1ria acontecer\u00e1 no dia 22 de agosto de 2022, \u00e0s 17 horas e 30minutos.<\/strong><\/p>\n\n\n\n<p>Sala da Presid\u00eancia, em 09 de agosto de 2022.<\/p>\n\n\n\n<p>Ant\u00f4nio Rosalvo Drum Presidente<\/p>\n","protected":false},"excerpt":{"rendered":"<p>RESUMO DA 17\u00b0 SESS\u00c3O ORDIN\u00c1RIA DA C\u00c2MARA MUNICIPAL DE VEREADORES DE ESTRELA VELHA Data: 08 de agosto de 2022 Hor\u00e1rio: 18 horas Local: Sala de Sess\u00f5es Erno Billig Pauta Constou: # Pedido de Informa\u00e7\u00e3o n\u00b0 01, de 02 de agosto de 2022, de autoria do vereador Deocl\u00e9cio Ravanello (PP), onde requer PEDIDO DE INFORMA\u00c7\u00c3O ao [&hellip;]<\/p>\n","protected":false},"author":5,"featured_media":0,"comment_status":"open","ping_status":"open","sticky":false,"template":"","format":"standard","meta":{"episode_type":"","audio_file":"","duration":"","filesize":"","date_recorded":"","explicit":"","block":"","filesize_raw":""},"categories":[6],"tags":[],"_links":{"self":[{"href":"https:\/\/www.camaraestrelavelha.rs.gov.br\/portal\/wp-json\/wp\/v2\/posts\/5816"}],"collection":[{"href":"https:\/\/www.camaraestrelavelha.rs.gov.br\/portal\/wp-json\/wp\/v2\/posts"}],"about":[{"href":"https:\/\/www.camaraestrelavelha.rs.gov.br\/portal\/wp-json\/wp\/v2\/types\/post"}],"author":[{"embeddable":true,"href":"https:\/\/www.camaraestrelavelha.rs.gov.br\/portal\/wp-json\/wp\/v2\/users\/5"}],"replies":[{"embeddable":true,"href":"https:\/\/www.camaraestrelavelha.rs.gov.br\/portal\/wp-json\/wp\/v2\/comments?post=5816"}],"version-history":[{"count":1,"href":"https:\/\/www.camaraestrelavelha.rs.gov.br\/portal\/wp-json\/wp\/v2\/posts\/5816\/revisions"}],"predecessor-version":[{"id":5818,"href":"https:\/\/www.camaraestrelavelha.rs.gov.br\/portal\/wp-json\/wp\/v2\/posts\/5816\/revisions\/5818"}],"wp:attachment":[{"href":"https:\/\/www.camaraestrelavelha.rs.gov.br\/portal\/wp-json\/wp\/v2\/media?parent=5816"}],"wp:term":[{"taxonomy":"category","embeddable":true,"href":"https:\/\/www.camaraestrelavelha.rs.gov.br\/portal\/wp-json\/wp\/v2\/categories?post=5816"},{"taxonomy":"post_tag","embeddable":true,"href":"https:\/\/www.camaraestrelavelha.rs.gov.br\/portal\/wp-json\/wp\/v2\/tags?post=5816"}],"curies":[{"name":"wp","href":"https:\/\/api.w.org\/{rel}","templated":true}]}}