{"id":5838,"date":"2022-08-23T13:39:47","date_gmt":"2022-08-23T16:39:47","guid":{"rendered":"http:\/\/camaraestrelavelha.rs.gov.br\/portal\/?p=5838"},"modified":"2024-10-24T10:17:45","modified_gmt":"2024-10-24T13:17:45","slug":"eleita-nova-mesa-diretora-da-camara-municipal-de-vereadores-de-estrela-velha","status":"publish","type":"post","link":"https:\/\/www.camaraestrelavelha.rs.gov.br\/portal\/2022\/08\/23\/eleita-nova-mesa-diretora-da-camara-municipal-de-vereadores-de-estrela-velha\/","title":{"rendered":"Eleita nova Mesa Diretora da C\u00e2mara Municipal de Vereadores de Estrela Velha"},"content":{"rendered":"\n<p>A C\u00e2mara Municipal de Vereadores de Estrela Velha, esteve reunida em sess\u00e3o ordin\u00e1ria no dia 08 de agosto, e na ocasi\u00e3o ocorreu elei\u00e7\u00e3o para nova Mesa Diretora, sendo eleito o vereador Antonio Rosalvo Drum como Presidente, o Vereador Valdir Freese Vice -Presidente e o Vereador Deocl\u00e9cio Ravanello, como secret\u00e1rio, todos vereadores do Progressistas.<\/p>\n","protected":false},"excerpt":{"rendered":"<p>A C\u00e2mara Municipal de Vereadores de Estrela Velha, esteve reunida em sess\u00e3o ordin\u00e1ria no dia 08 de agosto, e na ocasi\u00e3o ocorreu elei\u00e7\u00e3o para nova Mesa Diretora, sendo eleito o vereador Antonio Rosalvo Drum como Presidente, o Vereador Valdir Freese Vice -Presidente e o Vereador Deocl\u00e9cio Ravanello, como secret\u00e1rio, todos vereadores do Progressistas.<\/p>\n","protected":false},"author":5,"featured_media":5839,"comment_status":"open","ping_status":"open","sticky":false,"template":"","format":"standard","meta":{"episode_type":"","audio_file":"","duration":"","filesize":"","date_recorded":"","explicit":"","block":"","filesize_raw":""},"categories":[5],"tags":[],"_links":{"self":[{"href":"https:\/\/www.camaraestrelavelha.rs.gov.br\/portal\/wp-json\/wp\/v2\/posts\/5838"}],"collection":[{"href":"https:\/\/www.camaraestrelavelha.rs.gov.br\/portal\/wp-json\/wp\/v2\/posts"}],"about":[{"href":"https:\/\/www.camaraestrelavelha.rs.gov.br\/portal\/wp-json\/wp\/v2\/types\/post"}],"author":[{"embeddable":true,"href":"https:\/\/www.camaraestrelavelha.rs.gov.br\/portal\/wp-json\/wp\/v2\/users\/5"}],"replies":[{"embeddable":true,"href":"https:\/\/www.camaraestrelavelha.rs.gov.br\/portal\/wp-json\/wp\/v2\/comments?post=5838"}],"version-history":[{"count":1,"href":"https:\/\/www.camaraestrelavelha.rs.gov.br\/portal\/wp-json\/wp\/v2\/posts\/5838\/revisions"}],"predecessor-version":[{"id":5840,"href":"https:\/\/www.camaraestrelavelha.rs.gov.br\/portal\/wp-json\/wp\/v2\/posts\/5838\/revisions\/5840"}],"wp:featuredmedia":[{"embeddable":true,"href":"https:\/\/www.camaraestrelavelha.rs.gov.br\/portal\/wp-json\/wp\/v2\/media\/5839"}],"wp:attachment":[{"href":"https:\/\/www.camaraestrelavelha.rs.gov.br\/portal\/wp-json\/wp\/v2\/media?parent=5838"}],"wp:term":[{"taxonomy":"category","embeddable":true,"href":"https:\/\/www.camaraestrelavelha.rs.gov.br\/portal\/wp-json\/wp\/v2\/categories?post=5838"},{"taxonomy":"post_tag","embeddable":true,"href":"https:\/\/www.camaraestrelavelha.rs.gov.br\/portal\/wp-json\/wp\/v2\/tags?post=5838"}],"curies":[{"name":"wp","href":"https:\/\/api.w.org\/{rel}","templated":true}]}}