{"id":5856,"date":"2022-09-08T08:27:23","date_gmt":"2022-09-08T11:27:23","guid":{"rendered":"http:\/\/camaraestrelavelha.rs.gov.br\/portal\/?p=5856"},"modified":"2022-09-08T08:27:24","modified_gmt":"2022-09-08T11:27:24","slug":"resumo-da-19-sessao-ordinaria-de-2022","status":"publish","type":"post","link":"https:\/\/www.camaraestrelavelha.rs.gov.br\/portal\/2022\/09\/08\/resumo-da-19-sessao-ordinaria-de-2022\/","title":{"rendered":"RESUMO DA 19\u00b0 SESS\u00c3O ORDIN\u00c1RIA de 2022"},"content":{"rendered":"\n<p><strong>RESUMO DA 19\u00b0 SESS\u00c3O ORDIN\u00c1RIA DA<\/strong><\/p>\n\n\n\n<p><strong>C\u00c2MARA MUNICIPAL DE VEREADORES DE ESTRELA VELHA<\/strong><\/p>\n\n\n\n<p><strong>Data: 06 de setembro de 2022<\/strong><\/p>\n\n\n\n<p><strong>Hor\u00e1rio: 18 horas<\/strong><\/p>\n\n\n\n<p><strong>Local: Sala de Sess\u00f5es Erno Billig<\/strong><\/p>\n\n\n\n<p><strong>Pauta Constou:<\/strong><\/p>\n\n\n\n<p><strong># Indica\u00e7\u00e3o n\u00b0 05, <\/strong>de 02 de setembro de 2022, de autoria do vereador Jardel Silveira (PP), onde Prop\u00f5e ao Poder Executivo Municipal, atrav\u00e9s da Secretaria Municipal de Obras, Servi\u00e7os P\u00fablicos e Tr\u00e2nsito, para que seja realizado estudos de viabilidade para cria\u00e7\u00e3o de uma vaga para opera\u00e7\u00e3o de carga e descarga de ve\u00edculos na Avenida Lauro Billig de Castilhos, entre o mercado Comercial Silveira e a Farm\u00e1cia Vida Farm\u00e1cia, bem como, verificar a viabilidade no munic\u00edpio nesse sentido. Encaminhado ao Executivo Municipal.<\/p>\n\n\n\n<p><strong># Projeto de Lei do Executivo n\u00b0 1.467, <\/strong>de 30 de agosto de 2022, de autoria do Poder Executivo Municipal, onde \u201cDisp\u00f5e sobre a regulamenta\u00e7\u00e3o do piso dos agentes comunit\u00e1rios de sa\u00fade e de agentes de combate \u00e0s endemias e d\u00e1 outras providencias\u201d. Baixado para estudo nas Comiss\u00f5es.<\/p>\n\n\n\n<p><strong># Projeto de Lei do Executivo n\u00b0 1.468, <\/strong>de 30 de agosto de 2022, de autoria do Poder Executivo Municipal, onde \u201cDisp\u00f5e sobre as diretrizes or\u00e7ament\u00e1rias para o exerc\u00edcio financeiro de 2023\u201d. Baixado para estudo nas Comiss\u00f5es.<\/p>\n\n\n\n<p><strong>Pr\u00f3xima Sess\u00e3o Ordin\u00e1ria acontecer\u00e1 no dia 12 de setembro de 2022, \u00e0s 18 horas<\/strong><\/p>\n\n\n\n<p>Sala da Presid\u00eancia, em 08 de setembro de 2022.<\/p>\n\n\n\n<p>Ant\u00f4nio Rosalvo Drum<\/p>\n\n\n\n<p>Presidente<\/p>\n","protected":false},"excerpt":{"rendered":"<p>RESUMO DA 19\u00b0 SESS\u00c3O ORDIN\u00c1RIA DA C\u00c2MARA MUNICIPAL DE VEREADORES DE ESTRELA VELHA Data: 06 de setembro de 2022 Hor\u00e1rio: 18 horas Local: Sala de Sess\u00f5es Erno Billig Pauta Constou: # Indica\u00e7\u00e3o n\u00b0 05, de 02 de setembro de 2022, de autoria do vereador Jardel Silveira (PP), onde Prop\u00f5e ao Poder Executivo Municipal, atrav\u00e9s da [&hellip;]<\/p>\n","protected":false},"author":5,"featured_media":0,"comment_status":"open","ping_status":"open","sticky":false,"template":"","format":"standard","meta":{"episode_type":"","audio_file":"","duration":"","filesize":"","date_recorded":"","explicit":"","block":"","filesize_raw":""},"categories":[6],"tags":[],"_links":{"self":[{"href":"https:\/\/www.camaraestrelavelha.rs.gov.br\/portal\/wp-json\/wp\/v2\/posts\/5856"}],"collection":[{"href":"https:\/\/www.camaraestrelavelha.rs.gov.br\/portal\/wp-json\/wp\/v2\/posts"}],"about":[{"href":"https:\/\/www.camaraestrelavelha.rs.gov.br\/portal\/wp-json\/wp\/v2\/types\/post"}],"author":[{"embeddable":true,"href":"https:\/\/www.camaraestrelavelha.rs.gov.br\/portal\/wp-json\/wp\/v2\/users\/5"}],"replies":[{"embeddable":true,"href":"https:\/\/www.camaraestrelavelha.rs.gov.br\/portal\/wp-json\/wp\/v2\/comments?post=5856"}],"version-history":[{"count":1,"href":"https:\/\/www.camaraestrelavelha.rs.gov.br\/portal\/wp-json\/wp\/v2\/posts\/5856\/revisions"}],"predecessor-version":[{"id":5858,"href":"https:\/\/www.camaraestrelavelha.rs.gov.br\/portal\/wp-json\/wp\/v2\/posts\/5856\/revisions\/5858"}],"wp:attachment":[{"href":"https:\/\/www.camaraestrelavelha.rs.gov.br\/portal\/wp-json\/wp\/v2\/media?parent=5856"}],"wp:term":[{"taxonomy":"category","embeddable":true,"href":"https:\/\/www.camaraestrelavelha.rs.gov.br\/portal\/wp-json\/wp\/v2\/categories?post=5856"},{"taxonomy":"post_tag","embeddable":true,"href":"https:\/\/www.camaraestrelavelha.rs.gov.br\/portal\/wp-json\/wp\/v2\/tags?post=5856"}],"curies":[{"name":"wp","href":"https:\/\/api.w.org\/{rel}","templated":true}]}}