{"id":6054,"date":"2022-11-08T07:53:08","date_gmt":"2022-11-08T10:53:08","guid":{"rendered":"http:\/\/camaraestrelavelha.rs.gov.br\/portal\/?p=6054"},"modified":"2022-11-08T07:53:09","modified_gmt":"2022-11-08T10:53:09","slug":"resumo-da-25-sessao-ordinaria-de-2022","status":"publish","type":"post","link":"https:\/\/www.camaraestrelavelha.rs.gov.br\/portal\/2022\/11\/08\/resumo-da-25-sessao-ordinaria-de-2022\/","title":{"rendered":"RESUMO DA 25\u00b0 SESS\u00c3O ORDIN\u00c1RIA  DE 2022"},"content":{"rendered":"\n<p><strong>RESUMO DA 25\u00b0 SESS\u00c3O ORDIN\u00c1RIA DA<\/strong><\/p>\n\n\n\n<p><strong>C\u00c2MARA MUNICIPAL DE VEREADORES DE ESTRELA VELHA<\/strong><\/p>\n\n\n\n<p><strong>Data: 07 de novembro de 2022<\/strong><\/p>\n\n\n\n<p><strong>Hor\u00e1rio: 18 horas<\/strong><\/p>\n\n\n\n<p><strong>Local: Sala de Sess\u00f5es Erno Billig<\/strong><\/p>\n\n\n\n<p><strong>Pauta Constou:<\/strong><\/p>\n\n\n\n<p><strong># Indica\u00e7\u00e3o n\u00b0 10, <\/strong>de 21 de outubro de 2022, de autoria dos vereadores Ezequiel Somavilla e Carlos Jos\u00e9 Somavilla (MDB), onde prop\u00f5e ao Executivo Municipal que seja feita a coloca\u00e7\u00e3o de lixeiras na entrada de Linha Somavilla e Loteamento de Vila Ita\u00faba. Encaminhado para o Executivo Municipal.<\/p>\n\n\n\n<p><strong># Indica\u00e7\u00e3o n\u00b0 14, <\/strong>de 21 de outubro de 2022, de autoria do vereador Leston Manske (MDB), onde prop\u00f5e ao Executivo Municipal que seja feita a instala\u00e7\u00e3o de ilumina\u00e7\u00e3o nos dois trevos de acesso a cidade. Encaminhado para o Executivo Municipal.<\/p>\n\n\n\n<p><strong># Indica\u00e7\u00e3o n\u00b0 16,<\/strong> de 03 de novembro de 2022, de autoria do Carlos Jose Somavilla (MDB), onde prop\u00f5e ao Executivo Municipal que dentro da Programa\u00e7\u00e3o do 27\u00b0 Anivers\u00e1rio de Emancipa\u00e7\u00e3o Pol\u00edtico &#8211;&nbsp; Administrativo do Munic\u00edpio, que acontecer\u00e1 no m\u00eas de dezembro, seja realizado uma homenagem aos membros titulares da Comiss\u00e3o Emancipacionista de Estrela Velha. Encaminhado para o Executivo Municipal.<\/p>\n\n\n\n<p><strong># Projeto de Lei n\u00b0 1.475,<\/strong> de 18 de outubro de 2022, de autoria do Poder Executivo Municipal, onde \u201cAutoriza o poder Executivo Municipal a celebras conv\u00eanio com o Munic\u00edpio de Sobradinho _ RS, e d\u00e1 outras provid\u00eancias\u201d. Baixado nas Comiss\u00f5es para estudo.<\/p>\n\n\n\n<p><strong># Projeto de Lei n\u00b0 1.476,<\/strong> de 27 de outubro de 2022, de autoria do Poder Executivo Municipal, que \u201cEstima a receita e fixa a despesa do Munic\u00edpio de Estrela Velha para o exerc\u00edcio financeiro de 2023.\u201d Baixado nas Comiss\u00f5es para estudo.<\/p>\n\n\n\n<p><strong># Projeto de Lei n\u00b0 1.477,<\/strong> de 03 de novembro de 2022, de autoria do Poder Executivo Municipal, onde \u201cAltera a reda\u00e7\u00e3o do art.19, da Lei Municipal n\u00b0 620, de 28 de setembro de 2005, e d\u00e1 outras provid\u00eancias.\u201d Baixado nas Comiss\u00f5es para estudo.<\/p>\n\n\n\n<p><strong>Pr\u00f3xima Sess\u00e3o Ordin\u00e1ria acontecer\u00e1 no dia 21 de novembro de 2022, \u00e0s 18 horas<\/strong><\/p>\n\n\n\n<p>Sala da Presid\u00eancia, em 08 de novembro de 2022.<\/p>\n\n\n\n<p>Ant\u00f4nio Rosalvo Drum<\/p>\n\n\n\n<p>Presidente<\/p>\n","protected":false},"excerpt":{"rendered":"<p>RESUMO DA 25\u00b0 SESS\u00c3O ORDIN\u00c1RIA DA C\u00c2MARA MUNICIPAL DE VEREADORES DE ESTRELA VELHA Data: 07 de novembro de 2022 Hor\u00e1rio: 18 horas Local: Sala de Sess\u00f5es Erno Billig Pauta Constou: # Indica\u00e7\u00e3o n\u00b0 10, de 21 de outubro de 2022, de autoria dos vereadores Ezequiel Somavilla e Carlos Jos\u00e9 Somavilla (MDB), onde prop\u00f5e ao Executivo [&hellip;]<\/p>\n","protected":false},"author":5,"featured_media":0,"comment_status":"open","ping_status":"open","sticky":false,"template":"","format":"standard","meta":{"episode_type":"","audio_file":"","duration":"","filesize":"","date_recorded":"","explicit":"","block":"","filesize_raw":""},"categories":[6],"tags":[],"_links":{"self":[{"href":"https:\/\/www.camaraestrelavelha.rs.gov.br\/portal\/wp-json\/wp\/v2\/posts\/6054"}],"collection":[{"href":"https:\/\/www.camaraestrelavelha.rs.gov.br\/portal\/wp-json\/wp\/v2\/posts"}],"about":[{"href":"https:\/\/www.camaraestrelavelha.rs.gov.br\/portal\/wp-json\/wp\/v2\/types\/post"}],"author":[{"embeddable":true,"href":"https:\/\/www.camaraestrelavelha.rs.gov.br\/portal\/wp-json\/wp\/v2\/users\/5"}],"replies":[{"embeddable":true,"href":"https:\/\/www.camaraestrelavelha.rs.gov.br\/portal\/wp-json\/wp\/v2\/comments?post=6054"}],"version-history":[{"count":1,"href":"https:\/\/www.camaraestrelavelha.rs.gov.br\/portal\/wp-json\/wp\/v2\/posts\/6054\/revisions"}],"predecessor-version":[{"id":6056,"href":"https:\/\/www.camaraestrelavelha.rs.gov.br\/portal\/wp-json\/wp\/v2\/posts\/6054\/revisions\/6056"}],"wp:attachment":[{"href":"https:\/\/www.camaraestrelavelha.rs.gov.br\/portal\/wp-json\/wp\/v2\/media?parent=6054"}],"wp:term":[{"taxonomy":"category","embeddable":true,"href":"https:\/\/www.camaraestrelavelha.rs.gov.br\/portal\/wp-json\/wp\/v2\/categories?post=6054"},{"taxonomy":"post_tag","embeddable":true,"href":"https:\/\/www.camaraestrelavelha.rs.gov.br\/portal\/wp-json\/wp\/v2\/tags?post=6054"}],"curies":[{"name":"wp","href":"https:\/\/api.w.org\/{rel}","templated":true}]}}