{"id":6108,"date":"2022-12-09T07:20:01","date_gmt":"2022-12-09T10:20:01","guid":{"rendered":"http:\/\/camaraestrelavelha.rs.gov.br\/portal\/?p=6108"},"modified":"2022-12-09T07:20:02","modified_gmt":"2022-12-09T10:20:02","slug":"resumo-da-28-sessao-ordinaria-de-2022","status":"publish","type":"post","link":"https:\/\/www.camaraestrelavelha.rs.gov.br\/portal\/2022\/12\/09\/resumo-da-28-sessao-ordinaria-de-2022\/","title":{"rendered":"RESUMO DA 28\u00b0 SESS\u00c3O ORDIN\u00c1RIA  DE 2022"},"content":{"rendered":"\n<p><strong>RESUMO DA 28\u00b0 SESS\u00c3O ORDIN\u00c1RIA DA<\/strong><\/p>\n\n\n\n<p><strong>C\u00c2MARA MUNICIPAL DE VEREADORES DE ESTRELA VELHA<\/strong><\/p>\n\n\n\n<p><strong>Data: 08 de dezembro de 2022<\/strong><\/p>\n\n\n\n<p><strong>Hor\u00e1rio: 18 horas<\/strong><\/p>\n\n\n\n<p><strong>Local: Sala de Sess\u00f5es Erno Billig<\/strong><\/p>\n\n\n\n<p><strong>Pauta Constou:<\/strong><\/p>\n\n\n\n<p><strong># Indica\u00e7\u00e3o n\u00b0 18,<\/strong> de 08 de dezembro de 2022, de autoria do vereador Valdir Freese (Partido Progressistas), onde prop\u00f5e ao Poder Executivo Municipal, por meio da Secretaria Municipal de Administra\u00e7\u00e3o e da Secretaria de Assist\u00eancia Social, Cultura e Turismo, a cria\u00e7\u00e3o de programa a fim de facilitar o acesso \u00e0s oportunidades de emprego dispon\u00edveis no Munic\u00edpio de Estrela Velha, RS e regi\u00e3o, para as pessoas que buscam uma coloca\u00e7\u00e3o no mercado de trabalho e das empresas que necessitam de profissionais. Encaminhada para o Executivo Municipal.<\/p>\n\n\n\n<p><strong># Projeto de Lei n\u00b0 1.475,<\/strong> de 18 de outubro de 2022, de autoria do Poder Executivo Municipal, onde \u201cAutoriza o poder Executivo Municipal a celebras conv\u00eanio com o Munic\u00edpio de Sobradinho _ RS, e d\u00e1 outras provid\u00eancias\u201d. Aprovada por Unanimidade.<\/p>\n\n\n\n<p><strong>Pr\u00f3xima Sess\u00e3o Ordin\u00e1ria acontecer\u00e1 no dia 12 de dezembro de 2022, \u00e0s 19 horas<\/strong><\/p>\n\n\n\n<p>Sala da Presid\u00eancia, em 09 de dezembro de 2022.<\/p>\n\n\n\n<p>Ant\u00f4nio Rosalvo Drum<\/p>\n\n\n\n<p>Presidente<\/p>\n","protected":false},"excerpt":{"rendered":"<p>RESUMO DA 28\u00b0 SESS\u00c3O ORDIN\u00c1RIA DA C\u00c2MARA MUNICIPAL DE VEREADORES DE ESTRELA VELHA Data: 08 de dezembro de 2022 Hor\u00e1rio: 18 horas Local: Sala de Sess\u00f5es Erno Billig Pauta Constou: # Indica\u00e7\u00e3o n\u00b0 18, de 08 de dezembro de 2022, de autoria do vereador Valdir Freese (Partido Progressistas), onde prop\u00f5e ao Poder Executivo Municipal, por [&hellip;]<\/p>\n","protected":false},"author":5,"featured_media":0,"comment_status":"open","ping_status":"open","sticky":false,"template":"","format":"standard","meta":{"episode_type":"","audio_file":"","duration":"","filesize":"","date_recorded":"","explicit":"","block":"","filesize_raw":""},"categories":[6],"tags":[],"_links":{"self":[{"href":"https:\/\/www.camaraestrelavelha.rs.gov.br\/portal\/wp-json\/wp\/v2\/posts\/6108"}],"collection":[{"href":"https:\/\/www.camaraestrelavelha.rs.gov.br\/portal\/wp-json\/wp\/v2\/posts"}],"about":[{"href":"https:\/\/www.camaraestrelavelha.rs.gov.br\/portal\/wp-json\/wp\/v2\/types\/post"}],"author":[{"embeddable":true,"href":"https:\/\/www.camaraestrelavelha.rs.gov.br\/portal\/wp-json\/wp\/v2\/users\/5"}],"replies":[{"embeddable":true,"href":"https:\/\/www.camaraestrelavelha.rs.gov.br\/portal\/wp-json\/wp\/v2\/comments?post=6108"}],"version-history":[{"count":1,"href":"https:\/\/www.camaraestrelavelha.rs.gov.br\/portal\/wp-json\/wp\/v2\/posts\/6108\/revisions"}],"predecessor-version":[{"id":6110,"href":"https:\/\/www.camaraestrelavelha.rs.gov.br\/portal\/wp-json\/wp\/v2\/posts\/6108\/revisions\/6110"}],"wp:attachment":[{"href":"https:\/\/www.camaraestrelavelha.rs.gov.br\/portal\/wp-json\/wp\/v2\/media?parent=6108"}],"wp:term":[{"taxonomy":"category","embeddable":true,"href":"https:\/\/www.camaraestrelavelha.rs.gov.br\/portal\/wp-json\/wp\/v2\/categories?post=6108"},{"taxonomy":"post_tag","embeddable":true,"href":"https:\/\/www.camaraestrelavelha.rs.gov.br\/portal\/wp-json\/wp\/v2\/tags?post=6108"}],"curies":[{"name":"wp","href":"https:\/\/api.w.org\/{rel}","templated":true}]}}