{"id":6256,"date":"2023-02-28T08:24:02","date_gmt":"2023-02-28T11:24:02","guid":{"rendered":"http:\/\/camaraestrelavelha.rs.gov.br\/portal\/?p=6256"},"modified":"2023-02-28T09:17:13","modified_gmt":"2023-02-28T12:17:13","slug":"resumo-da-3o-sessao-ordinaria-de-2023","status":"publish","type":"post","link":"https:\/\/www.camaraestrelavelha.rs.gov.br\/portal\/2023\/02\/28\/resumo-da-3o-sessao-ordinaria-de-2023\/","title":{"rendered":"RESUMO DA 3\u00ba SESS\u00c3O ORDIN\u00c1RIA DE 2023"},"content":{"rendered":"\n<p><strong>RESUMO DA 3\u00ba SESS\u00c3O ORDIN\u00c1RIA DA<\/strong><\/p>\n\n\n\n<p><strong>C\u00c2MARA MUNICIPAL DE VEREADORES DE ESTRELA VELHA<\/strong><\/p>\n\n\n\n<p><strong>Data: 27 de fevereiro de 2023<\/strong><\/p>\n\n\n\n<p><strong>Hor\u00e1rio: 19 horas<\/strong><\/p>\n\n\n\n<p><strong>Local: Sala de Sess\u00f5es Erno Billig<\/strong><\/p>\n\n\n\n<p><strong>NA PAUTA CONSTOU:<\/strong><strong><\/strong><\/p>\n\n\n\n<p><strong># Mo\u00e7\u00e3o de Pesar n\u00b0 01, <\/strong>de 27 de fevereiro de 2023, de autoria dos vereadores da Bancada dos Progressistas, Bancada do PDT e Bancada do MDB, onde vem por meio desta apresentar Mo\u00e7\u00e3o de Pesar \u00e0 fam\u00edlia, pelo falecimento do Servidor P\u00fablico Renato Rutzen. Aprovado por Unanimidade.<\/p>\n\n\n\n<p><strong># Projeto de Lei n\u00b0 1.485<\/strong>, de 06 de fevereiro de 2023, de autoria do Poder Executivo Municipal, que \u201cAutoriza a contrata\u00e7\u00e3o tempor\u00e1ria de servidores, por excepcional interesse p\u00fablico, e d\u00e1 outras providencias\u201d. Aprovado por Unanimidade.<\/p>\n\n\n\n<p><strong>Pr\u00f3xima Sess\u00e3o Ordin\u00e1ria acontecer\u00e1 no dia 06 de mar\u00e7o de 2023, \u00e0s 18 horas.<\/strong><\/p>\n\n\n\n<p>Sala da Presid\u00eancia, em 28 de fevereiro de 2023.<\/p>\n\n\n\n<p>Ant\u00f4nio Rosalvo Drum<\/p>\n\n\n\n<p>Presidente<strong><\/strong><\/p>\n","protected":false},"excerpt":{"rendered":"<p>RESUMO DA 3\u00ba SESS\u00c3O ORDIN\u00c1RIA DA C\u00c2MARA MUNICIPAL DE VEREADORES DE ESTRELA VELHA Data: 27 de fevereiro de 2023 Hor\u00e1rio: 19 horas Local: Sala de Sess\u00f5es Erno Billig NA PAUTA CONSTOU: # Mo\u00e7\u00e3o de Pesar n\u00b0 01, de 27 de fevereiro de 2023, de autoria dos vereadores da Bancada dos Progressistas, Bancada do PDT e [&hellip;]<\/p>\n","protected":false},"author":5,"featured_media":0,"comment_status":"open","ping_status":"open","sticky":false,"template":"","format":"standard","meta":{"episode_type":"","audio_file":"","duration":"","filesize":"","date_recorded":"","explicit":"","block":"","filesize_raw":""},"categories":[6],"tags":[],"_links":{"self":[{"href":"https:\/\/www.camaraestrelavelha.rs.gov.br\/portal\/wp-json\/wp\/v2\/posts\/6256"}],"collection":[{"href":"https:\/\/www.camaraestrelavelha.rs.gov.br\/portal\/wp-json\/wp\/v2\/posts"}],"about":[{"href":"https:\/\/www.camaraestrelavelha.rs.gov.br\/portal\/wp-json\/wp\/v2\/types\/post"}],"author":[{"embeddable":true,"href":"https:\/\/www.camaraestrelavelha.rs.gov.br\/portal\/wp-json\/wp\/v2\/users\/5"}],"replies":[{"embeddable":true,"href":"https:\/\/www.camaraestrelavelha.rs.gov.br\/portal\/wp-json\/wp\/v2\/comments?post=6256"}],"version-history":[{"count":2,"href":"https:\/\/www.camaraestrelavelha.rs.gov.br\/portal\/wp-json\/wp\/v2\/posts\/6256\/revisions"}],"predecessor-version":[{"id":6271,"href":"https:\/\/www.camaraestrelavelha.rs.gov.br\/portal\/wp-json\/wp\/v2\/posts\/6256\/revisions\/6271"}],"wp:attachment":[{"href":"https:\/\/www.camaraestrelavelha.rs.gov.br\/portal\/wp-json\/wp\/v2\/media?parent=6256"}],"wp:term":[{"taxonomy":"category","embeddable":true,"href":"https:\/\/www.camaraestrelavelha.rs.gov.br\/portal\/wp-json\/wp\/v2\/categories?post=6256"},{"taxonomy":"post_tag","embeddable":true,"href":"https:\/\/www.camaraestrelavelha.rs.gov.br\/portal\/wp-json\/wp\/v2\/tags?post=6256"}],"curies":[{"name":"wp","href":"https:\/\/api.w.org\/{rel}","templated":true}]}}