{"id":6456,"date":"2023-04-17T09:45:09","date_gmt":"2023-04-17T12:45:09","guid":{"rendered":"http:\/\/camaraestrelavelha.rs.gov.br\/portal\/?p=6456"},"modified":"2023-04-17T09:45:10","modified_gmt":"2023-04-17T12:45:10","slug":"resumo-da-9o-sessao-ordinaria-de-2023","status":"publish","type":"post","link":"https:\/\/www.camaraestrelavelha.rs.gov.br\/portal\/2023\/04\/17\/resumo-da-9o-sessao-ordinaria-de-2023\/","title":{"rendered":"RESUMO DA 9\u00ba SESS\u00c3O ORDIN\u00c1RIA DE 2023"},"content":{"rendered":"\n<p><strong>RESUMO DA 9\u00ba SESS\u00c3O ORDIN\u00c1RIA DA<\/strong><\/p>\n\n\n\n<p><strong>C\u00c2MARA MUNICIPAL DE VEREADORES DE ESTRELA VELHA<\/strong><\/p>\n\n\n\n<p><strong>Data: 17 de abril de 2023<\/strong><\/p>\n\n\n\n<p><strong>Hor\u00e1rio: 08 horas e 30 minutos<\/strong><\/p>\n\n\n\n<p><strong>Local: Sala de Sess\u00f5es Erno Billig<\/strong><\/p>\n\n\n\n<p><strong>NA PAUTA CONSTOU:<\/strong><strong><\/strong><\/p>\n\n\n\n<p><\/p>\n\n\n\n<p><\/p>\n\n\n\n<p><strong>&nbsp;# Indica\u00e7\u00e3o n\u00b0 06, <\/strong>de 11 de abril de 2023, de autoria do vereador Ant\u00f4nio Rosalvo Drum (Progressistas), onde PROP\u00d5E ao Poder Executivo Municipal, por meio da Secretaria Municipal de Obras, Servi\u00e7os P\u00fablico e Tr\u00e2nsito, para que seja realizado estudos para adequa\u00e7\u00e3o\/moderniza\u00e7\u00e3o nas placas de sinaliza\u00e7\u00e3o de tr\u00e2nsito e coloca\u00e7\u00e3o de placas com os nomes das ruas, pois est\u00e3o desatualizadas ou sem sinaliza\u00e7\u00e3o em nosso munic\u00edpio. Encaminhada ao Executivo Municipal.<\/p>\n\n\n\n<p><strong># Indica\u00e7\u00e3o n\u00b0 08,<\/strong> de 14 de abril de 2023, de autoria dos vereadores Antonio Rosalvo Drum, Jardel Silveira, Valdir Freese e Deocl\u00e9cio Ravanello (Partido Progressistas) e o Vereador Dieison Neu (PDT), que PROP\u00d5EM ao Poder Executivo Municipal, por meio da Secretaria Municipal de Educa\u00e7\u00e3o, a obrigatoriedade do fechamento de port\u00f5es em hor\u00e1rio letivo das escolas municipais e EMEI e, que tamb\u00e9m se torne obrigat\u00f3rio a perman\u00eancia efetiva e fixa de pelo menos um vigilante em cada unidade escolar p\u00fablica municipal durante seu hor\u00e1rio de funcionamento. Encaminhada ao Executivo Municipal.<\/p>\n\n\n\n<p><strong># Pedido de Informa\u00e7\u00e3o n\u00b0 04,<\/strong> de 14 de abril de 2023, de autoria dos vereadores Jardel Silveira, Antonio Rosalvo Drum, Valdir Freese e Deocl\u00e9cio Ravanello (Partido Progressistas) e o Vereador Dieison Neu (PDT), SOLICITAM informa\u00e7\u00f5es ao Poder Executivo Municipal, por meio da Secretaria Municipal de Administra\u00e7\u00e3o, no seguinte sentido: &#8211; como est\u00e3o os seguros veiculares da frota municipal? Todos os ve\u00edculos est\u00e3o segurados? &#8211; quantos processos administrativos foram abertos a fim de apurar os acidentes ocorridos nos \u00faltimos meses pelos servidores do Executivo? &#8211; quantos processos administrativos foram realizados desde o in\u00edcio do mandato? &#8211; quais medidas foram ou ser\u00e3o tomadas em rela\u00e7\u00e3o aos servidores que se envolveram no \u00faltimo acidente envolvendo o ve\u00edculo Chevrolet Astra Sedan, Placa IND9311 em nome do Executivo? Aprovado por Unanimidade.<\/p>\n\n\n\n<p><strong># Projeto de Lei n\u00ba 1.491, <\/strong>de 12 de abril de 2023, de autoria do Poder Executivo, onde \u201cautoriza a abertura de cr\u00e9dito adicional especial no montante de vinte e tr\u00eas mil e quinhentos reais\u201d. Baixado nas Comiss\u00f5es para estudo.<\/p>\n\n\n\n<p><strong>&nbsp;# Projeto de Lei Legislativo n\u00b0 04,<\/strong> de 06 de abril de 2023, de autoria do Poder Legislativo, onde \u201cDisp\u00f5e sobre a cria\u00e7\u00e3o do cargo em comiss\u00e3o de Diretor-Geral, conforme especifica\u201d. Baixado nas Comiss\u00f5es para estudo.<\/p>\n\n\n\n<p><strong>Pr\u00f3xima Sess\u00e3o Ordin\u00e1ria acontecer\u00e1 no dia 08 de maio de 2023, \u00e0s 18 horas.<\/strong><\/p>\n\n\n\n<p>Sala da Presid\u00eancia, em 17 de abril de 2023.<\/p>\n\n\n\n<p>Ant\u00f4nio Rosalvo Drum<\/p>\n\n\n\n<p>Presidente<strong><\/strong><\/p>\n","protected":false},"excerpt":{"rendered":"<p>RESUMO DA 9\u00ba SESS\u00c3O ORDIN\u00c1RIA DA C\u00c2MARA MUNICIPAL DE VEREADORES DE ESTRELA VELHA Data: 17 de abril de 2023 Hor\u00e1rio: 08 horas e 30 minutos Local: Sala de Sess\u00f5es Erno Billig NA PAUTA CONSTOU: &nbsp;# Indica\u00e7\u00e3o n\u00b0 06, de 11 de abril de 2023, de autoria do vereador Ant\u00f4nio Rosalvo Drum (Progressistas), onde PROP\u00d5E ao [&hellip;]<\/p>\n","protected":false},"author":5,"featured_media":0,"comment_status":"open","ping_status":"open","sticky":false,"template":"","format":"standard","meta":{"episode_type":"","audio_file":"","duration":"","filesize":"","date_recorded":"","explicit":"","block":"","filesize_raw":""},"categories":[6],"tags":[],"_links":{"self":[{"href":"https:\/\/www.camaraestrelavelha.rs.gov.br\/portal\/wp-json\/wp\/v2\/posts\/6456"}],"collection":[{"href":"https:\/\/www.camaraestrelavelha.rs.gov.br\/portal\/wp-json\/wp\/v2\/posts"}],"about":[{"href":"https:\/\/www.camaraestrelavelha.rs.gov.br\/portal\/wp-json\/wp\/v2\/types\/post"}],"author":[{"embeddable":true,"href":"https:\/\/www.camaraestrelavelha.rs.gov.br\/portal\/wp-json\/wp\/v2\/users\/5"}],"replies":[{"embeddable":true,"href":"https:\/\/www.camaraestrelavelha.rs.gov.br\/portal\/wp-json\/wp\/v2\/comments?post=6456"}],"version-history":[{"count":1,"href":"https:\/\/www.camaraestrelavelha.rs.gov.br\/portal\/wp-json\/wp\/v2\/posts\/6456\/revisions"}],"predecessor-version":[{"id":6458,"href":"https:\/\/www.camaraestrelavelha.rs.gov.br\/portal\/wp-json\/wp\/v2\/posts\/6456\/revisions\/6458"}],"wp:attachment":[{"href":"https:\/\/www.camaraestrelavelha.rs.gov.br\/portal\/wp-json\/wp\/v2\/media?parent=6456"}],"wp:term":[{"taxonomy":"category","embeddable":true,"href":"https:\/\/www.camaraestrelavelha.rs.gov.br\/portal\/wp-json\/wp\/v2\/categories?post=6456"},{"taxonomy":"post_tag","embeddable":true,"href":"https:\/\/www.camaraestrelavelha.rs.gov.br\/portal\/wp-json\/wp\/v2\/tags?post=6456"}],"curies":[{"name":"wp","href":"https:\/\/api.w.org\/{rel}","templated":true}]}}