{"id":6462,"date":"2023-05-02T14:27:17","date_gmt":"2023-05-02T17:27:17","guid":{"rendered":"http:\/\/camaraestrelavelha.rs.gov.br\/portal\/?p=6462"},"modified":"2024-10-24T10:29:51","modified_gmt":"2024-10-24T13:29:51","slug":"vereadores-aproveitam-a-participacao-da-xxii-marcha-dos-legislativos-municipais-e-levam-demandas-a-camara-dos-deputados-federais-e-senado-federal","status":"publish","type":"post","link":"https:\/\/www.camaraestrelavelha.rs.gov.br\/portal\/2023\/05\/02\/vereadores-aproveitam-a-participacao-da-xxii-marcha-dos-legislativos-municipais-e-levam-demandas-a-camara-dos-deputados-federais-e-senado-federal\/","title":{"rendered":"VEREADORES APROVEITAM \u00c0 PARTICIPA\u00c7\u00c3O DA XXII MARCHA DOS LEGISLATIVOS MUNICIPAIS E LEVAM DEMANDAS \u00c0 C\u00c2MARA DOS DEPUTADOS FEDERAIS E SENADO FEDERAL."},"content":{"rendered":"\n<p>VEREADORES APROVEITAM \u00c0 PARTICIPA\u00c7\u00c3O DA XXII MARCHA DOS LEGISLATIVOS MUNICIPAIS E LEVAM DEMANDAS \u00c0 C\u00c2MARA DOS DEPUTADOS FEDERAIS E SENADO FEDERAL.<\/p>\n\n\n\n<p>O Presidente do Legislativo, Antonio Rosalvo Drum (Progressistas) e o Vereador Dieison Neu (PDT), aproveitaram que est\u00e3o em Bras\u00edlia onde participam da XXII Marcha dos Legislativos Municipais, atrav\u00e9s da UVB, e visitaram os gabinetes dos Deputados Federais: Afonso Hamm (PP), Giovani Cherini (PL) e o Senador Federal Luiz Carlos Heinze (PP), com a finalidade de agradecer os recursos para o nosso munic\u00edpio, como tamb\u00e9m, a fim de buscar novas emendas parlamentares para o munic\u00edpio de Estrela Velha.Na mesma oportunidade, os Vereadores Leston Manske e Ezequiel Somavilla (MDB), tamb\u00e9m, visitaram os Deputados Federais, M\u00e1rcio Della Valle Biolchi e Alceu Moreira da Silva (MDB), com o mesmo objetivo.<\/p>\n","protected":false},"excerpt":{"rendered":"<p>VEREADORES APROVEITAM \u00c0 PARTICIPA\u00c7\u00c3O DA XXII MARCHA DOS LEGISLATIVOS MUNICIPAIS E LEVAM DEMANDAS \u00c0 C\u00c2MARA DOS DEPUTADOS FEDERAIS E SENADO FEDERAL. O Presidente do Legislativo, Antonio Rosalvo Drum (Progressistas) e o Vereador Dieison Neu (PDT), aproveitaram que est\u00e3o em Bras\u00edlia onde participam da XXII Marcha dos Legislativos Municipais, atrav\u00e9s da UVB, e visitaram os gabinetes [&hellip;]<\/p>\n","protected":false},"author":5,"featured_media":6467,"comment_status":"open","ping_status":"open","sticky":false,"template":"","format":"standard","meta":{"episode_type":"","audio_file":"","duration":"","filesize":"","date_recorded":"","explicit":"","block":"","filesize_raw":""},"categories":[5],"tags":[],"_links":{"self":[{"href":"https:\/\/www.camaraestrelavelha.rs.gov.br\/portal\/wp-json\/wp\/v2\/posts\/6462"}],"collection":[{"href":"https:\/\/www.camaraestrelavelha.rs.gov.br\/portal\/wp-json\/wp\/v2\/posts"}],"about":[{"href":"https:\/\/www.camaraestrelavelha.rs.gov.br\/portal\/wp-json\/wp\/v2\/types\/post"}],"author":[{"embeddable":true,"href":"https:\/\/www.camaraestrelavelha.rs.gov.br\/portal\/wp-json\/wp\/v2\/users\/5"}],"replies":[{"embeddable":true,"href":"https:\/\/www.camaraestrelavelha.rs.gov.br\/portal\/wp-json\/wp\/v2\/comments?post=6462"}],"version-history":[{"count":1,"href":"https:\/\/www.camaraestrelavelha.rs.gov.br\/portal\/wp-json\/wp\/v2\/posts\/6462\/revisions"}],"predecessor-version":[{"id":6469,"href":"https:\/\/www.camaraestrelavelha.rs.gov.br\/portal\/wp-json\/wp\/v2\/posts\/6462\/revisions\/6469"}],"wp:featuredmedia":[{"embeddable":true,"href":"https:\/\/www.camaraestrelavelha.rs.gov.br\/portal\/wp-json\/wp\/v2\/media\/6467"}],"wp:attachment":[{"href":"https:\/\/www.camaraestrelavelha.rs.gov.br\/portal\/wp-json\/wp\/v2\/media?parent=6462"}],"wp:term":[{"taxonomy":"category","embeddable":true,"href":"https:\/\/www.camaraestrelavelha.rs.gov.br\/portal\/wp-json\/wp\/v2\/categories?post=6462"},{"taxonomy":"post_tag","embeddable":true,"href":"https:\/\/www.camaraestrelavelha.rs.gov.br\/portal\/wp-json\/wp\/v2\/tags?post=6462"}],"curies":[{"name":"wp","href":"https:\/\/api.w.org\/{rel}","templated":true}]}}