{"id":6634,"date":"2023-06-05T11:57:29","date_gmt":"2023-06-05T14:57:29","guid":{"rendered":"http:\/\/camaraestrelavelha.rs.gov.br\/portal\/?p=6634"},"modified":"2023-06-06T08:13:43","modified_gmt":"2023-06-06T11:13:43","slug":"6634","status":"publish","type":"post","link":"https:\/\/www.camaraestrelavelha.rs.gov.br\/portal\/2023\/06\/05\/6634\/","title":{"rendered":"PAUTA DA 13\u00b0 SESS\u00c3O ORDIN\u00c1RIA DE 2023"},"content":{"rendered":"\n<p><strong>PAUTA DA 13\u00b0 SESS\u00c3O ORDIN\u00c1RIA DA<\/strong><\/p>\n\n\n\n<p><strong>C\u00c2MARA MUNICIPAL DE VEREADORES DE ESTRELA VELHA<\/strong><\/p>\n\n\n\n<p><strong>Data: 05 de junho de 2023<\/strong><\/p>\n\n\n\n<p><strong>Hor\u00e1rio: 18 horas<\/strong><\/p>\n\n\n\n<p><strong>Local: Sala de Sess\u00f5es Erno Billig<\/strong><\/p>\n\n\n\n<p><strong>Pauta: Ordem do Dia:<\/strong><\/p>\n\n\n\n<p><strong># Pedido de Provid\u00eancia n\u00b0 06, <\/strong>de 05 de junho de 2023, de autoria do vereador Jardel Silveira (Progressistas), onde Solicita ao Poder Executivo Municipal, por meio da Secretaria Municipal de Obras, Servi\u00e7os P\u00fablicos e Tr\u00e2nsito, para que seja providenciados com urg\u00eancia: troca de l\u00e2mpadas de dois postes na Rua&nbsp; Fioravante Ceolin, bairro Centro (estrada de ch\u00e3o), como tamb\u00e9m, a instala\u00e7\u00e3o do suporte at\u00e9 a florescente, no interior da Col\u00f4nia Juvenilha na propriedade de Cristian Jorge Silveira.<\/p>\n\n\n\n<p><strong># Projeto de Lei n\u00b0 1.496, <\/strong>de 05 de maio de 2023, de autoria do Poder Executivo, onde \u201cAutoriza a abertura de cr\u00e9dito especial no montante de setenta mil reais\u201d.<\/p>\n\n\n\n<p><strong># Projeto de Lei n\u00b0 1.500, <\/strong>de 26 de maio de 2023, de autoria do Poder Executivo, onde \u201cAutoriza a abertura de cr\u00e9dito adicional especial no montante de dez mil reais\u201d.<\/p>\n\n\n\n<p><strong># Projeto de Lei n\u00b0 1.501, <\/strong>de 29 de maio de 2023, de autoria do Poder Executivo, onde \u201cDisp\u00f5e sobre a cobran\u00e7a da Contribui\u00e7\u00e3o de Melhoria pela execu\u00e7\u00e3o de obra p\u00fablica na Sede Municipal, e d\u00e1 outras provid\u00eancias\u201d.<\/p>\n\n\n\n<p>Sala da Presid\u00eancia, em 05 de junho de 2023.<\/p>\n\n\n\n<p>Valdir Freese<\/p>\n\n\n\n<p>Presidente <strong><\/strong><\/p>\n","protected":false},"excerpt":{"rendered":"<p>PAUTA DA 13\u00b0 SESS\u00c3O ORDIN\u00c1RIA DA C\u00c2MARA MUNICIPAL DE VEREADORES DE ESTRELA VELHA Data: 05 de junho de 2023 Hor\u00e1rio: 18 horas Local: Sala de Sess\u00f5es Erno Billig Pauta: Ordem do Dia: # Pedido de Provid\u00eancia n\u00b0 06, de 05 de junho de 2023, de autoria do vereador Jardel Silveira (Progressistas), onde Solicita ao Poder [&hellip;]<\/p>\n","protected":false},"author":5,"featured_media":0,"comment_status":"open","ping_status":"open","sticky":false,"template":"","format":"standard","meta":{"episode_type":"","audio_file":"","duration":"","filesize":"","date_recorded":"","explicit":"","block":"","filesize_raw":""},"categories":[7],"tags":[],"_links":{"self":[{"href":"https:\/\/www.camaraestrelavelha.rs.gov.br\/portal\/wp-json\/wp\/v2\/posts\/6634"}],"collection":[{"href":"https:\/\/www.camaraestrelavelha.rs.gov.br\/portal\/wp-json\/wp\/v2\/posts"}],"about":[{"href":"https:\/\/www.camaraestrelavelha.rs.gov.br\/portal\/wp-json\/wp\/v2\/types\/post"}],"author":[{"embeddable":true,"href":"https:\/\/www.camaraestrelavelha.rs.gov.br\/portal\/wp-json\/wp\/v2\/users\/5"}],"replies":[{"embeddable":true,"href":"https:\/\/www.camaraestrelavelha.rs.gov.br\/portal\/wp-json\/wp\/v2\/comments?post=6634"}],"version-history":[{"count":2,"href":"https:\/\/www.camaraestrelavelha.rs.gov.br\/portal\/wp-json\/wp\/v2\/posts\/6634\/revisions"}],"predecessor-version":[{"id":6640,"href":"https:\/\/www.camaraestrelavelha.rs.gov.br\/portal\/wp-json\/wp\/v2\/posts\/6634\/revisions\/6640"}],"wp:attachment":[{"href":"https:\/\/www.camaraestrelavelha.rs.gov.br\/portal\/wp-json\/wp\/v2\/media?parent=6634"}],"wp:term":[{"taxonomy":"category","embeddable":true,"href":"https:\/\/www.camaraestrelavelha.rs.gov.br\/portal\/wp-json\/wp\/v2\/categories?post=6634"},{"taxonomy":"post_tag","embeddable":true,"href":"https:\/\/www.camaraestrelavelha.rs.gov.br\/portal\/wp-json\/wp\/v2\/tags?post=6634"}],"curies":[{"name":"wp","href":"https:\/\/api.w.org\/{rel}","templated":true}]}}