{"id":6645,"date":"2023-06-07T15:43:12","date_gmt":"2023-06-07T18:43:12","guid":{"rendered":"http:\/\/camaraestrelavelha.rs.gov.br\/portal\/?p=6645"},"modified":"2024-10-24T10:35:39","modified_gmt":"2024-10-24T13:35:39","slug":"corpus-christi","status":"publish","type":"post","link":"https:\/\/www.camaraestrelavelha.rs.gov.br\/portal\/2023\/06\/07\/corpus-christi\/","title":{"rendered":"Corpus Christi"},"content":{"rendered":"\n<p>Corpus Christi &nbsp;\u201ccorpo de Cristo\u201d<strong>&nbsp;<\/strong>e essa data lembra o ato, registrado na B\u00edblia, realizado por Jesus na Quinta-Feira Santa, v\u00e9spera da sua morte, quando ceou com os seus disc\u00edpulos, e ao partir o p\u00e3o e partilhar o vinho, disse: \u201cTomai e comei, isto \u00e9 o meu corpo. Tomai e bebei, isto \u00e9 o meu sangue.\u201d.<\/p>\n\n\n\n<p>Essa ocasi\u00e3o hist\u00f3rica \u00e9 considerada aquela em que o sacramento da eucaristia foi institu\u00eddo. Por isso, nas missas, os padres reproduzem a partilha do p\u00e3o e do vinho no altar, dizendo as mesmas palavras ditas por Jesus.<\/p>\n\n\n\n<p>\u00c9 uma forma de celebrar o corpo e o sangue de Jesus Cristo, honrando sua morte e ressurrei\u00e7\u00e3o.<\/p>\n","protected":false},"excerpt":{"rendered":"<p>Corpus Christi &nbsp;\u201ccorpo de Cristo\u201d&nbsp;e essa data lembra o ato, registrado na B\u00edblia, realizado por Jesus na Quinta-Feira Santa, v\u00e9spera da sua morte, quando ceou com os seus disc\u00edpulos, e ao partir o p\u00e3o e partilhar o vinho, disse: \u201cTomai e comei, isto \u00e9 o meu corpo. Tomai e bebei, isto \u00e9 o meu sangue.\u201d. [&hellip;]<\/p>\n","protected":false},"author":5,"featured_media":6646,"comment_status":"open","ping_status":"open","sticky":false,"template":"","format":"standard","meta":{"episode_type":"","audio_file":"","duration":"","filesize":"","date_recorded":"","explicit":"","block":"","filesize_raw":""},"categories":[5],"tags":[],"_links":{"self":[{"href":"https:\/\/www.camaraestrelavelha.rs.gov.br\/portal\/wp-json\/wp\/v2\/posts\/6645"}],"collection":[{"href":"https:\/\/www.camaraestrelavelha.rs.gov.br\/portal\/wp-json\/wp\/v2\/posts"}],"about":[{"href":"https:\/\/www.camaraestrelavelha.rs.gov.br\/portal\/wp-json\/wp\/v2\/types\/post"}],"author":[{"embeddable":true,"href":"https:\/\/www.camaraestrelavelha.rs.gov.br\/portal\/wp-json\/wp\/v2\/users\/5"}],"replies":[{"embeddable":true,"href":"https:\/\/www.camaraestrelavelha.rs.gov.br\/portal\/wp-json\/wp\/v2\/comments?post=6645"}],"version-history":[{"count":2,"href":"https:\/\/www.camaraestrelavelha.rs.gov.br\/portal\/wp-json\/wp\/v2\/posts\/6645\/revisions"}],"predecessor-version":[{"id":6648,"href":"https:\/\/www.camaraestrelavelha.rs.gov.br\/portal\/wp-json\/wp\/v2\/posts\/6645\/revisions\/6648"}],"wp:featuredmedia":[{"embeddable":true,"href":"https:\/\/www.camaraestrelavelha.rs.gov.br\/portal\/wp-json\/wp\/v2\/media\/6646"}],"wp:attachment":[{"href":"https:\/\/www.camaraestrelavelha.rs.gov.br\/portal\/wp-json\/wp\/v2\/media?parent=6645"}],"wp:term":[{"taxonomy":"category","embeddable":true,"href":"https:\/\/www.camaraestrelavelha.rs.gov.br\/portal\/wp-json\/wp\/v2\/categories?post=6645"},{"taxonomy":"post_tag","embeddable":true,"href":"https:\/\/www.camaraestrelavelha.rs.gov.br\/portal\/wp-json\/wp\/v2\/tags?post=6645"}],"curies":[{"name":"wp","href":"https:\/\/api.w.org\/{rel}","templated":true}]}}