{"id":6863,"date":"2023-08-29T08:07:59","date_gmt":"2023-08-29T11:07:59","guid":{"rendered":"http:\/\/camaraestrelavelha.rs.gov.br\/portal\/?p=6863"},"modified":"2023-08-29T08:08:00","modified_gmt":"2023-08-29T11:08:00","slug":"resumo-da-18o-sessao-ordinaria-de-2023","status":"publish","type":"post","link":"https:\/\/www.camaraestrelavelha.rs.gov.br\/portal\/2023\/08\/29\/resumo-da-18o-sessao-ordinaria-de-2023\/","title":{"rendered":"RESUMO DA 18\u00ba SESS\u00c3O ORDIN\u00c1RIA DE 2023"},"content":{"rendered":"\n<p><strong>RESUMO DA 18\u00ba SESS\u00c3O ORDIN\u00c1RIA DA<\/strong><\/p>\n\n\n\n<p><strong>C\u00c2MARA MUNICIPAL DE VEREADORES DE ESTRELA VELHA<\/strong><\/p>\n\n\n\n<p><strong>Data: 28 de agosto de 2023<\/strong><\/p>\n\n\n\n<p><strong>Hor\u00e1rio: 19 horas<\/strong><\/p>\n\n\n\n<p><strong>Local: Sala de Sess\u00f5es Erno Billig<\/strong><\/p>\n\n\n\n<p><strong>NA PAUTA CONSTOU:<\/strong><strong><\/strong><\/p>\n\n\n\n<p><strong># Projeto de Lei n\u00b0. 1.507, de 25 de agosto de 2023, <\/strong>e autoria do Poder Executivo, onde \u201cAutoriza a abertura de cr\u00e9ditos especiais no montante de trinta mil e duzentos e quarenta e oito reais\u201d. Baixado para estudo nas Comiss\u00f5es.<\/p>\n\n\n\n<p># <strong>Projeto de Lei n\u00b0. 1.509, de 28 de agosto de 2023, <\/strong>e autoria do Poder Executivo, onde \u201cAutoriza o Poder Executivo realizar desconto em folha de pagamento de servidores em favor do Sindicato dos Servidores P\u00fablicos Municipais de Estrela Velha, e d\u00e1 outras provid\u00eancias\u201d. Baixado para estudo nas Comiss\u00f5es.<\/p>\n\n\n\n<p><strong>&nbsp;Ordem do Dia:<\/strong><\/p>\n\n\n\n<p><strong># Requerimento n\u00b0. 01, <\/strong>de 14 de agosto de 2023, de autoria do vereador Jackson Rafael Ravanello (MDB), vem atrav\u00e9s deste solicitar licen\u00e7a das atividades parlamentares pelo per\u00edodo de sessenta dias a contar de 1\u00b0 de setembro de 2023 a 30 de outubro de 2023. <a>Aprovado por Unanimidade.<\/a><\/p>\n\n\n\n<p><strong># Pedido de Provid\u00eancia n\u00b0. 10,<\/strong> de 15 de agosto de 2023, de autoria do vereador Carlos Jos\u00e9 Somavilla (MDB), solicita provid\u00eancias ao Poder Executivo Municipal, para que designe servidor para manter limpo e aberto os banheiros p\u00fablicos localizados no Distrito de Ita\u00faba. Aprovado por Unanimidade.<\/p>\n\n\n\n<p><strong># Indica\u00e7\u00e3o n\u00b0. 14, <\/strong>de 28 de agosto de 2023, de autoria do vereador Dieison Neu (PDT), prop\u00f5e ao Poder Executivo, atrav\u00e9s da Secretaria Municipal de Obras, Servi\u00e7os P\u00fablicos e Tr\u00e2nsito, a constru\u00e7\u00e3o de banheiros p\u00fablicos, preferencialmente duas unidades, junto ao vesti\u00e1rio dos jogadores de futebol, como tamb\u00e9m, a instala\u00e7\u00e3o de ilumina\u00e7\u00e3o p\u00fablica no Est\u00e1dio Municipal Jo\u00e3o Ferreira de Castilhos \u2013 Jangut\u00e3o. Encaminhada ao Executivo Municipal.<\/p>\n\n\n\n<p><a><strong># Indica\u00e7\u00e3o n\u00b0. 15,<\/strong><\/a> de 28 de agosto de 2023, de autoria do vereador Jackson Rafael Ravanello (MDB), onde prop\u00f5e ao Executivo Municipal, que altere o Plano de Carreira dos Servidores P\u00fablicos Municipais, aderindo a Lei Federal n\u00b0 14.434, de 04 de agosto de 2022, onde institui o Piso Salarial Nacional de Enfermeiro e do T\u00e9cnico em Enfermagem. Encaminhada ao Executivo Municipal.<\/p>\n\n\n\n<p><strong># Indica\u00e7\u00e3o n\u00b0. 16,<\/strong> de 28 de agosto de 2023, de autoria do vereador Jackson Rafael Ravanello (MDB), onde prop\u00f5e ao Executivo Municipal, prop\u00f5e ao Executivo Municipal, que interceda junta a Cooperativa de Eletrifica\u00e7\u00e3o Centro Jacu\u00ed \u2013 CELETRO, para instala\u00e7\u00e3o da rede de energia el\u00e9trica do parque de obras da Prefeitura, seguindo em dire\u00e7\u00e3o a Vila Zaloar.<\/p>\n\n\n\n<p><strong># Projeto de Lei n\u00b0. 1.505, <\/strong>de 26 de junho de 2023, de autoria do Poder Executivo, onde \u201cCria o Programa Municipal de Praticas Integrais e Complementares e de Educa\u00e7\u00e3o Popular em Sa\u00fade (PMPICEPS) no \u00e2mbito do Munic\u00edpio de Estrela Velha e d\u00e1 outras providencias\u201d. Aprovado por Unanimidade.<\/p>\n\n\n\n<p><strong># Projeto de Lei n\u00b0. 1.506, <\/strong>de 04 de agosto de 2023, de autoria do Poder Executivo, onde \u201cAutoriza abertura de cr\u00e9dito especial no montante de duzentos e noventa mil reais\u201d. Aprovado por Unanimidade.<\/p>\n\n\n\n<p><strong>Pr\u00f3xima Sess\u00e3o Ordin\u00e1ria acontecer\u00e1 no dia 11 de setembro de 2023, \u00e0s 19 horas.<\/strong><\/p>\n\n\n\n<p>Sala da Presid\u00eancia, em 29 de agosto de 2023.<\/p>\n\n\n\n<p>Valdir Freese Presidente<\/p>\n","protected":false},"excerpt":{"rendered":"<p>RESUMO DA 18\u00ba SESS\u00c3O ORDIN\u00c1RIA DA C\u00c2MARA MUNICIPAL DE VEREADORES DE ESTRELA VELHA Data: 28 de agosto de 2023 Hor\u00e1rio: 19 horas Local: Sala de Sess\u00f5es Erno Billig NA PAUTA CONSTOU: # Projeto de Lei n\u00b0. 1.507, de 25 de agosto de 2023, e autoria do Poder Executivo, onde \u201cAutoriza a abertura de cr\u00e9ditos especiais [&hellip;]<\/p>\n","protected":false},"author":5,"featured_media":0,"comment_status":"open","ping_status":"open","sticky":false,"template":"","format":"standard","meta":{"episode_type":"","audio_file":"","duration":"","filesize":"","date_recorded":"","explicit":"","block":"","filesize_raw":""},"categories":[6],"tags":[],"_links":{"self":[{"href":"https:\/\/www.camaraestrelavelha.rs.gov.br\/portal\/wp-json\/wp\/v2\/posts\/6863"}],"collection":[{"href":"https:\/\/www.camaraestrelavelha.rs.gov.br\/portal\/wp-json\/wp\/v2\/posts"}],"about":[{"href":"https:\/\/www.camaraestrelavelha.rs.gov.br\/portal\/wp-json\/wp\/v2\/types\/post"}],"author":[{"embeddable":true,"href":"https:\/\/www.camaraestrelavelha.rs.gov.br\/portal\/wp-json\/wp\/v2\/users\/5"}],"replies":[{"embeddable":true,"href":"https:\/\/www.camaraestrelavelha.rs.gov.br\/portal\/wp-json\/wp\/v2\/comments?post=6863"}],"version-history":[{"count":1,"href":"https:\/\/www.camaraestrelavelha.rs.gov.br\/portal\/wp-json\/wp\/v2\/posts\/6863\/revisions"}],"predecessor-version":[{"id":6865,"href":"https:\/\/www.camaraestrelavelha.rs.gov.br\/portal\/wp-json\/wp\/v2\/posts\/6863\/revisions\/6865"}],"wp:attachment":[{"href":"https:\/\/www.camaraestrelavelha.rs.gov.br\/portal\/wp-json\/wp\/v2\/media?parent=6863"}],"wp:term":[{"taxonomy":"category","embeddable":true,"href":"https:\/\/www.camaraestrelavelha.rs.gov.br\/portal\/wp-json\/wp\/v2\/categories?post=6863"},{"taxonomy":"post_tag","embeddable":true,"href":"https:\/\/www.camaraestrelavelha.rs.gov.br\/portal\/wp-json\/wp\/v2\/tags?post=6863"}],"curies":[{"name":"wp","href":"https:\/\/api.w.org\/{rel}","templated":true}]}}