{"id":6902,"date":"2023-09-12T15:28:19","date_gmt":"2023-09-12T18:28:19","guid":{"rendered":"http:\/\/camaraestrelavelha.rs.gov.br\/portal\/?p=6902"},"modified":"2024-10-24T10:36:57","modified_gmt":"2024-10-24T13:36:57","slug":"a-camara-municipal-de-vereadores-de-estrela-velha-esteve-reunida-na-noite-de-ontem-para-a-19-sessao-ordinaria","status":"publish","type":"post","link":"https:\/\/www.camaraestrelavelha.rs.gov.br\/portal\/2023\/09\/12\/a-camara-municipal-de-vereadores-de-estrela-velha-esteve-reunida-na-noite-de-ontem-para-a-19-sessao-ordinaria\/","title":{"rendered":"A C\u00e2mara Municipal de Vereadores de Estrela Velha, esteve reunida na noite de ontem, para a 19\u00b0 Sess\u00e3o Ordin\u00e1ria"},"content":{"rendered":"\n<p>A C\u00e2mara Municipal de Vereadores de Estrela Velha, esteve reunida na noite de ontem, para a 19\u00b0 Sess\u00e3o Ordin\u00e1ria, na ocasi\u00e3o o suplente a vereador Jorce Schneider Nogueira assumiu a cadeira do vereador Jackson Rafael Ravanello, licenciado pelo per\u00edodo de dois meses. Jorce agradeceu a oportunidade, fez o juramento e se comprometeu trabalhar pelo bem da nossa popula\u00e7\u00e3o.<\/p>\n","protected":false},"excerpt":{"rendered":"<p>A C\u00e2mara Municipal de Vereadores de Estrela Velha, esteve reunida na noite de ontem, para a 19\u00b0 Sess\u00e3o Ordin\u00e1ria, na ocasi\u00e3o o suplente a vereador Jorce Schneider Nogueira assumiu a cadeira do vereador Jackson Rafael Ravanello, licenciado pelo per\u00edodo de dois meses. Jorce agradeceu a oportunidade, fez o juramento e se comprometeu trabalhar pelo bem [&hellip;]<\/p>\n","protected":false},"author":5,"featured_media":6903,"comment_status":"open","ping_status":"open","sticky":false,"template":"","format":"standard","meta":{"episode_type":"","audio_file":"","duration":"","filesize":"","date_recorded":"","explicit":"","block":"","filesize_raw":""},"categories":[5],"tags":[],"_links":{"self":[{"href":"https:\/\/www.camaraestrelavelha.rs.gov.br\/portal\/wp-json\/wp\/v2\/posts\/6902"}],"collection":[{"href":"https:\/\/www.camaraestrelavelha.rs.gov.br\/portal\/wp-json\/wp\/v2\/posts"}],"about":[{"href":"https:\/\/www.camaraestrelavelha.rs.gov.br\/portal\/wp-json\/wp\/v2\/types\/post"}],"author":[{"embeddable":true,"href":"https:\/\/www.camaraestrelavelha.rs.gov.br\/portal\/wp-json\/wp\/v2\/users\/5"}],"replies":[{"embeddable":true,"href":"https:\/\/www.camaraestrelavelha.rs.gov.br\/portal\/wp-json\/wp\/v2\/comments?post=6902"}],"version-history":[{"count":1,"href":"https:\/\/www.camaraestrelavelha.rs.gov.br\/portal\/wp-json\/wp\/v2\/posts\/6902\/revisions"}],"predecessor-version":[{"id":6904,"href":"https:\/\/www.camaraestrelavelha.rs.gov.br\/portal\/wp-json\/wp\/v2\/posts\/6902\/revisions\/6904"}],"wp:featuredmedia":[{"embeddable":true,"href":"https:\/\/www.camaraestrelavelha.rs.gov.br\/portal\/wp-json\/wp\/v2\/media\/6903"}],"wp:attachment":[{"href":"https:\/\/www.camaraestrelavelha.rs.gov.br\/portal\/wp-json\/wp\/v2\/media?parent=6902"}],"wp:term":[{"taxonomy":"category","embeddable":true,"href":"https:\/\/www.camaraestrelavelha.rs.gov.br\/portal\/wp-json\/wp\/v2\/categories?post=6902"},{"taxonomy":"post_tag","embeddable":true,"href":"https:\/\/www.camaraestrelavelha.rs.gov.br\/portal\/wp-json\/wp\/v2\/tags?post=6902"}],"curies":[{"name":"wp","href":"https:\/\/api.w.org\/{rel}","templated":true}]}}