{"id":6977,"date":"2023-10-02T11:47:42","date_gmt":"2023-10-02T14:47:42","guid":{"rendered":"http:\/\/camaraestrelavelha.rs.gov.br\/portal\/?p=6977"},"modified":"2023-10-02T11:47:43","modified_gmt":"2023-10-02T14:47:43","slug":"pauta-da-22-sessao-ordinaria-de-2023","status":"publish","type":"post","link":"https:\/\/www.camaraestrelavelha.rs.gov.br\/portal\/2023\/10\/02\/pauta-da-22-sessao-ordinaria-de-2023\/","title":{"rendered":"PAUTA DA 22\u00b0 SESS\u00c3O ORDIN\u00c1RIA DE 2023"},"content":{"rendered":"\n<p><strong>PAUTA DA 22\u00b0 SESS\u00c3O ORDIN\u00c1RIA DA<\/strong><\/p>\n\n\n\n<p><strong>C\u00c2MARA MUNICIPAL DE VEREADORES DE ESTRELA VELHA<\/strong><\/p>\n\n\n\n<p><strong>Data: 02 de outubro de 2023<\/strong><\/p>\n\n\n\n<p><strong>Hor\u00e1rio: 19 horas<\/strong><\/p>\n\n\n\n<p><strong>Local: Sala de Sess\u00f5es Erno Billig<\/strong><\/p>\n\n\n\n<p><strong>&nbsp;Pauta:<\/strong><\/p>\n\n\n\n<p><strong># Projeto de Lei n. 1.513, <\/strong>de 29 de setembro de 2023, de autoria do Poder Executivo, onde \u201cAutoriza a abertura de cr\u00e9dito especial no montante de quarenta mil e seiscentos e cinquenta e cinco reais e sessenta e tr\u00eas centavos\u201d.<\/p>\n\n\n\n<p><strong># Projeto de Lei n. 1.514, <\/strong>de 29 de setembro de 2023, de autoria do Poder Executivo, onde \u201cAutoriza a abertura de cr\u00e9dito especial no montante de trezentos e cinquenta mil reais\u201d.<\/p>\n\n\n\n<p><strong>Ordem do Dia:<\/strong><\/p>\n\n\n\n<p><strong># I<a>ndica\u00e7\u00e3o n\u00b0. 19, <\/a><\/strong>de 02 de outubro de 2023, de autoria dos vereadores, Dieison Neu (PDT), Jardel Silveira, Antonio Rosalvo Drum, Valdir Freese e Deocl\u00e9cio Ravanello (Partido Progressistas), &nbsp;onde <strong>PROP\u00d5E<\/strong> ao Poder Executivo Municipal, atrav\u00e9s da Secretaria Municipal de Obras, Servi\u00e7os P\u00fablicos e Tr\u00e2nsito, altera\u00e7\u00e3o da cor do meio-fio da cal\u00e7ada em frente \u00e0 Escola Municipal \u00c1lvaro Rodrigues Leit\u00e3o, devendo o mesmo ser pintado de amarelo.<\/p>\n\n\n\n<p><strong># Indica\u00e7\u00e3o n\u00b0. 20, <\/strong>de 02 de outubro de 2023, de autoria do vereador Dieison Neu (PDT), onde <strong>PROP\u00d5E<\/strong> ao Poder Executivo Municipal, atrav\u00e9s das Secretarias Municipais de Obras, Servi\u00e7os P\u00fablicos e Tr\u00e2nsito e Educa\u00e7\u00e3o, para que estude a possibilidade em dar continuidade ao toldo em frente \u00e0 EMEI Alzira Nunes Ceolin para se resguardar em dias chuvosos no embarque e desembarque das crian\u00e7as\/alunos que frequentam a EMEI.<\/p>\n\n\n\n<p>Sala da Presid\u00eancia, em 02 de outubro de 2023.<\/p>\n\n\n\n<p>Valdir Freese<\/p>\n\n\n\n<p>Presidente<\/p>\n","protected":false},"excerpt":{"rendered":"<p>PAUTA DA 22\u00b0 SESS\u00c3O ORDIN\u00c1RIA DA C\u00c2MARA MUNICIPAL DE VEREADORES DE ESTRELA VELHA Data: 02 de outubro de 2023 Hor\u00e1rio: 19 horas Local: Sala de Sess\u00f5es Erno Billig &nbsp;Pauta: # Projeto de Lei n. 1.513, de 29 de setembro de 2023, de autoria do Poder Executivo, onde \u201cAutoriza a abertura de cr\u00e9dito especial no montante [&hellip;]<\/p>\n","protected":false},"author":5,"featured_media":0,"comment_status":"open","ping_status":"open","sticky":false,"template":"","format":"standard","meta":{"episode_type":"","audio_file":"","duration":"","filesize":"","date_recorded":"","explicit":"","block":"","filesize_raw":""},"categories":[7],"tags":[],"_links":{"self":[{"href":"https:\/\/www.camaraestrelavelha.rs.gov.br\/portal\/wp-json\/wp\/v2\/posts\/6977"}],"collection":[{"href":"https:\/\/www.camaraestrelavelha.rs.gov.br\/portal\/wp-json\/wp\/v2\/posts"}],"about":[{"href":"https:\/\/www.camaraestrelavelha.rs.gov.br\/portal\/wp-json\/wp\/v2\/types\/post"}],"author":[{"embeddable":true,"href":"https:\/\/www.camaraestrelavelha.rs.gov.br\/portal\/wp-json\/wp\/v2\/users\/5"}],"replies":[{"embeddable":true,"href":"https:\/\/www.camaraestrelavelha.rs.gov.br\/portal\/wp-json\/wp\/v2\/comments?post=6977"}],"version-history":[{"count":1,"href":"https:\/\/www.camaraestrelavelha.rs.gov.br\/portal\/wp-json\/wp\/v2\/posts\/6977\/revisions"}],"predecessor-version":[{"id":6979,"href":"https:\/\/www.camaraestrelavelha.rs.gov.br\/portal\/wp-json\/wp\/v2\/posts\/6977\/revisions\/6979"}],"wp:attachment":[{"href":"https:\/\/www.camaraestrelavelha.rs.gov.br\/portal\/wp-json\/wp\/v2\/media?parent=6977"}],"wp:term":[{"taxonomy":"category","embeddable":true,"href":"https:\/\/www.camaraestrelavelha.rs.gov.br\/portal\/wp-json\/wp\/v2\/categories?post=6977"},{"taxonomy":"post_tag","embeddable":true,"href":"https:\/\/www.camaraestrelavelha.rs.gov.br\/portal\/wp-json\/wp\/v2\/tags?post=6977"}],"curies":[{"name":"wp","href":"https:\/\/api.w.org\/{rel}","templated":true}]}}