{"id":7184,"date":"2023-11-02T07:39:00","date_gmt":"2023-11-02T10:39:00","guid":{"rendered":"http:\/\/camaraestrelavelha.rs.gov.br\/portal\/?p=7184"},"modified":"2024-10-24T10:38:58","modified_gmt":"2024-10-24T13:38:58","slug":"dia-de-finados","status":"publish","type":"post","link":"https:\/\/www.camaraestrelavelha.rs.gov.br\/portal\/2023\/11\/02\/dia-de-finados\/","title":{"rendered":"Dia de Finados"},"content":{"rendered":"\n<p>Hoje, na C\u00e2mara de Vereadores, honramos e lembramos com respeito todos aqueles que j\u00e1 se foram.<\/p>\n\n\n\n<p>No Dia de Finados, unimo-nos em reflex\u00e3o, reconhecendo a import\u00e2ncia de suas vidas em nossa&nbsp;comunidade.&nbsp;\ud83d\ude4f<\/p>\n\n\n<p><img loading=\"lazy\" class=\"size-medium wp-image-7185 aligncenter\" src=\"http:\/\/camaraestrelavelha.rs.gov.br\/portal\/wp-content\/uploads\/2023\/11\/Finados-300x300.jpg\" alt=\"\" width=\"300\" height=\"300\" srcset=\"https:\/\/www.camaraestrelavelha.rs.gov.br\/portal\/wp-content\/uploads\/2023\/11\/Finados-300x300.jpg 300w, https:\/\/www.camaraestrelavelha.rs.gov.br\/portal\/wp-content\/uploads\/2023\/11\/Finados-1024x1024.jpg 1024w, https:\/\/www.camaraestrelavelha.rs.gov.br\/portal\/wp-content\/uploads\/2023\/11\/Finados-150x150.jpg 150w, https:\/\/www.camaraestrelavelha.rs.gov.br\/portal\/wp-content\/uploads\/2023\/11\/Finados-768x768.jpg 768w, https:\/\/www.camaraestrelavelha.rs.gov.br\/portal\/wp-content\/uploads\/2023\/11\/Finados-1536x1536.jpg 1536w, https:\/\/www.camaraestrelavelha.rs.gov.br\/portal\/wp-content\/uploads\/2023\/11\/Finados.jpg 1600w\" sizes=\"(max-width: 300px) 100vw, 300px\" \/><\/p>","protected":false},"excerpt":{"rendered":"<p>Hoje, na C\u00e2mara de Vereadores, honramos e lembramos com respeito todos aqueles que j\u00e1 se foram. No Dia de Finados, unimo-nos em reflex\u00e3o, reconhecendo a import\u00e2ncia de suas vidas em nossa&nbsp;comunidade.&nbsp;\ud83d\ude4f<\/p>\n","protected":false},"author":2,"featured_media":7185,"comment_status":"open","ping_status":"open","sticky":false,"template":"","format":"standard","meta":{"episode_type":"","audio_file":"","duration":"","filesize":"","date_recorded":"","explicit":"","block":"","filesize_raw":""},"categories":[5],"tags":[],"_links":{"self":[{"href":"https:\/\/www.camaraestrelavelha.rs.gov.br\/portal\/wp-json\/wp\/v2\/posts\/7184"}],"collection":[{"href":"https:\/\/www.camaraestrelavelha.rs.gov.br\/portal\/wp-json\/wp\/v2\/posts"}],"about":[{"href":"https:\/\/www.camaraestrelavelha.rs.gov.br\/portal\/wp-json\/wp\/v2\/types\/post"}],"author":[{"embeddable":true,"href":"https:\/\/www.camaraestrelavelha.rs.gov.br\/portal\/wp-json\/wp\/v2\/users\/2"}],"replies":[{"embeddable":true,"href":"https:\/\/www.camaraestrelavelha.rs.gov.br\/portal\/wp-json\/wp\/v2\/comments?post=7184"}],"version-history":[{"count":2,"href":"https:\/\/www.camaraestrelavelha.rs.gov.br\/portal\/wp-json\/wp\/v2\/posts\/7184\/revisions"}],"predecessor-version":[{"id":8801,"href":"https:\/\/www.camaraestrelavelha.rs.gov.br\/portal\/wp-json\/wp\/v2\/posts\/7184\/revisions\/8801"}],"wp:featuredmedia":[{"embeddable":true,"href":"https:\/\/www.camaraestrelavelha.rs.gov.br\/portal\/wp-json\/wp\/v2\/media\/7185"}],"wp:attachment":[{"href":"https:\/\/www.camaraestrelavelha.rs.gov.br\/portal\/wp-json\/wp\/v2\/media?parent=7184"}],"wp:term":[{"taxonomy":"category","embeddable":true,"href":"https:\/\/www.camaraestrelavelha.rs.gov.br\/portal\/wp-json\/wp\/v2\/categories?post=7184"},{"taxonomy":"post_tag","embeddable":true,"href":"https:\/\/www.camaraestrelavelha.rs.gov.br\/portal\/wp-json\/wp\/v2\/tags?post=7184"}],"curies":[{"name":"wp","href":"https:\/\/api.w.org\/{rel}","templated":true}]}}