{"id":7192,"date":"2023-11-06T13:04:16","date_gmt":"2023-11-06T16:04:16","guid":{"rendered":"http:\/\/camaraestrelavelha.rs.gov.br\/portal\/?p=7192"},"modified":"2023-11-06T13:04:29","modified_gmt":"2023-11-06T16:04:29","slug":"pauta-da-25-sessao-ordinaria-de-2023","status":"publish","type":"post","link":"https:\/\/www.camaraestrelavelha.rs.gov.br\/portal\/2023\/11\/06\/pauta-da-25-sessao-ordinaria-de-2023\/","title":{"rendered":"PAUTA DA 25\u00b0 SESS\u00c3O ORDIN\u00c1RIA DE 2023"},"content":{"rendered":"\n<p><strong>PAUTA DA 25\u00b0 SESS\u00c3O ORDIN\u00c1RIA DA<\/strong><\/p>\n\n\n\n<p><strong>C\u00c2MARA MUNICIPAL DE VEREADORES DE ESTRELA VELHA<\/strong><\/p>\n\n\n\n<p><strong>Data: 06 de novembro de 2023<\/strong><\/p>\n\n\n\n<p><strong>Hor\u00e1rio: 19 horas<\/strong><\/p>\n\n\n\n<p><strong>Local: Sala de Sess\u00f5es Erno Billig<\/strong><\/p>\n\n\n\n<p><strong>Pauta:<\/strong><\/p>\n\n\n\n<p><strong># Projeto de Lei n\u00b0. 1.518, <\/strong>de 30 de outubro de 2023, de autoria do Poder Executivo, que \u201cEstima a Receita e Fixa a despesa do Munic\u00edpio de Estrela Velha para o Exerc\u00edcio Financeiro de 2024.<\/p>\n\n\n\n<p><strong># Mensagem Retificativa ao Projeto de Lei n\u00b0 1.517, <\/strong>de 23 de outubro de 2023.<\/p>\n\n\n\n<p><strong>Ordem do Dia:<\/strong><\/p>\n\n\n\n<p><strong># Projeto de Lei n\u00b0. 1.517, <\/strong>de 23 de outubro de 2023,de autoria do Poder Executivo, que \u201cAutoriza a abertura de cr\u00e9ditos especiais no montante de cinquenta e quatro mil e duzentos e tr\u00eas reais e vinte e seis centavos\u201d, juntamente com a Mensagem Retificativa.<\/p>\n\n\n\n<p>Sala da Presid\u00eancia, em 06 de novembro de 2023.<\/p>\n\n\n\n<p>Valdir Freese<\/p>\n\n\n\n<p>Presidente<\/p>\n","protected":false},"excerpt":{"rendered":"<p>PAUTA DA 25\u00b0 SESS\u00c3O ORDIN\u00c1RIA DA C\u00c2MARA MUNICIPAL DE VEREADORES DE ESTRELA VELHA Data: 06 de novembro de 2023 Hor\u00e1rio: 19 horas Local: Sala de Sess\u00f5es Erno Billig Pauta: # Projeto de Lei n\u00b0. 1.518, de 30 de outubro de 2023, de autoria do Poder Executivo, que \u201cEstima a Receita e Fixa a despesa do [&hellip;]<\/p>\n","protected":false},"author":5,"featured_media":7193,"comment_status":"open","ping_status":"open","sticky":false,"template":"","format":"standard","meta":{"episode_type":"","audio_file":"","duration":"","filesize":"","date_recorded":"","explicit":"","block":"","filesize_raw":""},"categories":[7],"tags":[],"_links":{"self":[{"href":"https:\/\/www.camaraestrelavelha.rs.gov.br\/portal\/wp-json\/wp\/v2\/posts\/7192"}],"collection":[{"href":"https:\/\/www.camaraestrelavelha.rs.gov.br\/portal\/wp-json\/wp\/v2\/posts"}],"about":[{"href":"https:\/\/www.camaraestrelavelha.rs.gov.br\/portal\/wp-json\/wp\/v2\/types\/post"}],"author":[{"embeddable":true,"href":"https:\/\/www.camaraestrelavelha.rs.gov.br\/portal\/wp-json\/wp\/v2\/users\/5"}],"replies":[{"embeddable":true,"href":"https:\/\/www.camaraestrelavelha.rs.gov.br\/portal\/wp-json\/wp\/v2\/comments?post=7192"}],"version-history":[{"count":1,"href":"https:\/\/www.camaraestrelavelha.rs.gov.br\/portal\/wp-json\/wp\/v2\/posts\/7192\/revisions"}],"predecessor-version":[{"id":7194,"href":"https:\/\/www.camaraestrelavelha.rs.gov.br\/portal\/wp-json\/wp\/v2\/posts\/7192\/revisions\/7194"}],"wp:featuredmedia":[{"embeddable":true,"href":"https:\/\/www.camaraestrelavelha.rs.gov.br\/portal\/wp-json\/wp\/v2\/media\/7193"}],"wp:attachment":[{"href":"https:\/\/www.camaraestrelavelha.rs.gov.br\/portal\/wp-json\/wp\/v2\/media?parent=7192"}],"wp:term":[{"taxonomy":"category","embeddable":true,"href":"https:\/\/www.camaraestrelavelha.rs.gov.br\/portal\/wp-json\/wp\/v2\/categories?post=7192"},{"taxonomy":"post_tag","embeddable":true,"href":"https:\/\/www.camaraestrelavelha.rs.gov.br\/portal\/wp-json\/wp\/v2\/tags?post=7192"}],"curies":[{"name":"wp","href":"https:\/\/api.w.org\/{rel}","templated":true}]}}