{"id":7209,"date":"2023-11-13T15:24:58","date_gmt":"2023-11-13T18:24:58","guid":{"rendered":"http:\/\/camaraestrelavelha.rs.gov.br\/portal\/?p=7209"},"modified":"2024-10-24T10:39:14","modified_gmt":"2024-10-24T13:39:14","slug":"%e2%9c%85-presidente-da-camara-valdir-freese-participa-de-reuniao-do-corede-em-santa-cruz-do-sul","status":"publish","type":"post","link":"https:\/\/www.camaraestrelavelha.rs.gov.br\/portal\/2023\/11\/13\/%e2%9c%85-presidente-da-camara-valdir-freese-participa-de-reuniao-do-corede-em-santa-cruz-do-sul\/","title":{"rendered":"Presidente da C\u00e2mara, Valdir Freese, participa de reuni\u00e3o do Corede em Santa Cruz do Sul"},"content":{"rendered":"\n<p><img loading=\"lazy\" height=\"16\" width=\"16\" alt=\"\u2714\ufe0f\" src=\"https:\/\/static.xx.fbcdn.net\/images\/emoji.php\/v9\/t51\/1\/16\/2714.png\"> Na \u00faltima sexta-feira, dia 10 de novembro o presidente da C\u00e2mara de Vereadores, Valdir Freese participou de Reuni\u00e3o para a Assembleia Regional Ampliada da Consulta Popular \u2013 CP 2023\/2024, do Conselho Regional de Desenvolvimento do Vale do Rio Pardo, onde trataram assuntos gerais como: Participa\u00e7\u00e3o da equipe do DARP\/SPGG; Delibera\u00e7\u00f5es (formaliza\u00e7\u00e3o dos oito (<img loading=\"lazy\" height=\"16\" width=\"16\" alt=\"\ud83d\ude0e\" src=\"https:\/\/static.xx.fbcdn.net\/images\/emoji.php\/v9\/t83\/1\/16\/1f60e.png\"> projetos que ir\u00e3o compor a c\u00e9dula de vota\u00e7\u00e3o; n\u00famero de projetos a serem contemplados com o recurso de R$2.042.857,14, mais eventual pr\u00eamio; divis\u00e3o dos recursos entre os projetos a serem contemplados; inst\u00e2ncias executoras); <\/p>\n\n\n\n<p>Ainda, a c\u00e9dula dever\u00e1 conter pelo menos um projeto de iniciativa popular e dois da \u00e1rea social.<\/p>\n","protected":false},"excerpt":{"rendered":"<p>Na \u00faltima sexta-feira, dia 10 de novembro o presidente da C\u00e2mara de Vereadores, Valdir Freese participou de Reuni\u00e3o para a Assembleia Regional Ampliada da Consulta Popular \u2013 CP 2023\/2024, do Conselho Regional de Desenvolvimento do Vale do Rio Pardo, onde trataram assuntos gerais como: Participa\u00e7\u00e3o da equipe do DARP\/SPGG; Delibera\u00e7\u00f5es (formaliza\u00e7\u00e3o dos oito ( projetos [&hellip;]<\/p>\n","protected":false},"author":5,"featured_media":7210,"comment_status":"open","ping_status":"open","sticky":false,"template":"","format":"standard","meta":{"episode_type":"","audio_file":"","duration":"","filesize":"","date_recorded":"","explicit":"","block":"","filesize_raw":""},"categories":[5],"tags":[],"_links":{"self":[{"href":"https:\/\/www.camaraestrelavelha.rs.gov.br\/portal\/wp-json\/wp\/v2\/posts\/7209"}],"collection":[{"href":"https:\/\/www.camaraestrelavelha.rs.gov.br\/portal\/wp-json\/wp\/v2\/posts"}],"about":[{"href":"https:\/\/www.camaraestrelavelha.rs.gov.br\/portal\/wp-json\/wp\/v2\/types\/post"}],"author":[{"embeddable":true,"href":"https:\/\/www.camaraestrelavelha.rs.gov.br\/portal\/wp-json\/wp\/v2\/users\/5"}],"replies":[{"embeddable":true,"href":"https:\/\/www.camaraestrelavelha.rs.gov.br\/portal\/wp-json\/wp\/v2\/comments?post=7209"}],"version-history":[{"count":2,"href":"https:\/\/www.camaraestrelavelha.rs.gov.br\/portal\/wp-json\/wp\/v2\/posts\/7209\/revisions"}],"predecessor-version":[{"id":7212,"href":"https:\/\/www.camaraestrelavelha.rs.gov.br\/portal\/wp-json\/wp\/v2\/posts\/7209\/revisions\/7212"}],"wp:featuredmedia":[{"embeddable":true,"href":"https:\/\/www.camaraestrelavelha.rs.gov.br\/portal\/wp-json\/wp\/v2\/media\/7210"}],"wp:attachment":[{"href":"https:\/\/www.camaraestrelavelha.rs.gov.br\/portal\/wp-json\/wp\/v2\/media?parent=7209"}],"wp:term":[{"taxonomy":"category","embeddable":true,"href":"https:\/\/www.camaraestrelavelha.rs.gov.br\/portal\/wp-json\/wp\/v2\/categories?post=7209"},{"taxonomy":"post_tag","embeddable":true,"href":"https:\/\/www.camaraestrelavelha.rs.gov.br\/portal\/wp-json\/wp\/v2\/tags?post=7209"}],"curies":[{"name":"wp","href":"https:\/\/api.w.org\/{rel}","templated":true}]}}