{"id":7683,"date":"2024-03-05T08:13:53","date_gmt":"2024-03-05T11:13:53","guid":{"rendered":"http:\/\/camaraestrelavelha.rs.gov.br\/portal\/?p=7683"},"modified":"2024-03-05T08:14:04","modified_gmt":"2024-03-05T11:14:04","slug":"resumo-da-4o-sessao-ordinaria-de-2024","status":"publish","type":"post","link":"https:\/\/www.camaraestrelavelha.rs.gov.br\/portal\/2024\/03\/05\/resumo-da-4o-sessao-ordinaria-de-2024\/","title":{"rendered":"RESUMO DA 4\u00ba SESS\u00c3O ORDIN\u00c1RIA DE 2024"},"content":{"rendered":"\n<p><strong>RESUMO DA 4\u00ba SESS\u00c3O ORDIN\u00c1RIA DA<\/strong><\/p>\n\n\n\n<p><strong>C\u00c2MARA MUNICIPAL DE VEREADORES DE ESTRELA VELHA<\/strong><\/p>\n\n\n\n<p><strong>Data: 04 de mar\u00e7o de 2024<\/strong><\/p>\n\n\n\n<p><strong>Hor\u00e1rio: 19 horas<\/strong><\/p>\n\n\n\n<p><strong>Local: Sala de Sess\u00f5es Erno Billig<\/strong><\/p>\n\n\n\n<p><strong>NA PAUTA CONSTOU:<\/strong><\/p>\n\n\n\n<p><strong># Pedido de Provid\u00eancias n\u00b0 03, <\/strong>de 29 de fevereiro de 2024, de autoria do vereador Jardel Silveira (Partido Progressistas),<strong> <\/strong><strong>SOLICITA<\/strong> ao Poder Executivo Municipal, por meio da Secretaria Municipal de Agricultura, Fomento Econ\u00f4mico e Meio Ambiente e da Secretaria de Obras, Servi\u00e7os P\u00fablicos e Tr\u00e2nsito, para que seja realizado uma visita com urg\u00eancia na propriedade do Sr. Osvaldo Tatsch, morador da localidade de Col\u00f4nia Juvenilia, interior do munic\u00edpio de Estrela Velha, RS, em decorr\u00eancia de problemas graves com a \u00e1gua na propriedade do mun\u00edcipe. Aprovado por unanimidade.<\/p>\n\n\n\n<p><strong># Projeto de Decreto Legislativo n\u00b0 01, <\/strong>de 23 de fevereiro de 2024, de autoria da Comiss\u00e3o de Constitui\u00e7\u00e3o, Justi\u00e7a e Reda\u00e7\u00e3o, onde \u201cDisp\u00f5e sobre o processo de contas do Poder Executivo, referente ao exerc\u00edcio de 2020\u201d. Aprovado por Unanimidade.<\/p>\n\n\n\n<p><strong># Projeto de Lei n\u00b0 1.536, <\/strong>de 26 de fevereiro de 2024, de autoria do Poder Executivo onde \u201cAutoriza a contrata\u00e7\u00e3o de servidores, por excepcional interesse p\u00fablico, e d\u00e1 outras provid\u00eancias\u201d. Baixado para estudo nas comiss\u00f5es.<\/p>\n\n\n\n<p><strong>&nbsp; &nbsp;Pr\u00f3xima Sess\u00e3o Ordin\u00e1ria acontecer\u00e1 no dia 18 de mar\u00e7o de 2024, \u00e0s 19 horas.<\/strong><\/p>\n\n\n\n<p>Sala da Presid\u00eancia, em 05 de mar\u00e7o de 2024.<\/p>\n\n\n\n<p>Deocl\u00e9cio Ravanello<\/p>\n\n\n\n<p>Presidente<strong><\/strong><\/p>\n","protected":false},"excerpt":{"rendered":"<p>RESUMO DA 4\u00ba SESS\u00c3O ORDIN\u00c1RIA DA C\u00c2MARA MUNICIPAL DE VEREADORES DE ESTRELA VELHA Data: 04 de mar\u00e7o de 2024 Hor\u00e1rio: 19 horas Local: Sala de Sess\u00f5es Erno Billig NA PAUTA CONSTOU: # Pedido de Provid\u00eancias n\u00b0 03, de 29 de fevereiro de 2024, de autoria do vereador Jardel Silveira (Partido Progressistas), SOLICITA ao Poder Executivo [&hellip;]<\/p>\n","protected":false},"author":5,"featured_media":0,"comment_status":"open","ping_status":"open","sticky":false,"template":"","format":"standard","meta":{"episode_type":"","audio_file":"","duration":"","filesize":"","date_recorded":"","explicit":"","block":"","filesize_raw":""},"categories":[6],"tags":[],"_links":{"self":[{"href":"https:\/\/www.camaraestrelavelha.rs.gov.br\/portal\/wp-json\/wp\/v2\/posts\/7683"}],"collection":[{"href":"https:\/\/www.camaraestrelavelha.rs.gov.br\/portal\/wp-json\/wp\/v2\/posts"}],"about":[{"href":"https:\/\/www.camaraestrelavelha.rs.gov.br\/portal\/wp-json\/wp\/v2\/types\/post"}],"author":[{"embeddable":true,"href":"https:\/\/www.camaraestrelavelha.rs.gov.br\/portal\/wp-json\/wp\/v2\/users\/5"}],"replies":[{"embeddable":true,"href":"https:\/\/www.camaraestrelavelha.rs.gov.br\/portal\/wp-json\/wp\/v2\/comments?post=7683"}],"version-history":[{"count":1,"href":"https:\/\/www.camaraestrelavelha.rs.gov.br\/portal\/wp-json\/wp\/v2\/posts\/7683\/revisions"}],"predecessor-version":[{"id":7685,"href":"https:\/\/www.camaraestrelavelha.rs.gov.br\/portal\/wp-json\/wp\/v2\/posts\/7683\/revisions\/7685"}],"wp:attachment":[{"href":"https:\/\/www.camaraestrelavelha.rs.gov.br\/portal\/wp-json\/wp\/v2\/media?parent=7683"}],"wp:term":[{"taxonomy":"category","embeddable":true,"href":"https:\/\/www.camaraestrelavelha.rs.gov.br\/portal\/wp-json\/wp\/v2\/categories?post=7683"},{"taxonomy":"post_tag","embeddable":true,"href":"https:\/\/www.camaraestrelavelha.rs.gov.br\/portal\/wp-json\/wp\/v2\/tags?post=7683"}],"curies":[{"name":"wp","href":"https:\/\/api.w.org\/{rel}","templated":true}]}}