{"id":7741,"date":"2024-03-25T14:49:57","date_gmt":"2024-03-25T17:49:57","guid":{"rendered":"http:\/\/camaraestrelavelha.rs.gov.br\/portal\/?p=7741"},"modified":"2024-10-24T10:40:12","modified_gmt":"2024-10-24T13:40:12","slug":"audiencia-publica-de-apresentacao-do-relatorio-anual-de-gestao-rag","status":"publish","type":"post","link":"https:\/\/www.camaraestrelavelha.rs.gov.br\/portal\/2024\/03\/25\/audiencia-publica-de-apresentacao-do-relatorio-anual-de-gestao-rag\/","title":{"rendered":"Audi\u00eancia P\u00fablica de apresenta\u00e7\u00e3o do Relat\u00f3rio Anual de Gest\u00e3o &#8211; RAG"},"content":{"rendered":"\n<p>Audi\u00eancia P\u00fablica de apresenta\u00e7\u00e3o do Relat\u00f3rio Anual de Gest\u00e3o &#8211; RAG &#8211; referente ao exerc\u00edcio de 2023.<\/p>\n\n\n\n<p><img loading=\"lazy\" height=\"16\" width=\"16\" alt=\"\ud83d\udcc5\" src=\"https:\/\/static.xx.fbcdn.net\/images\/emoji.php\/v9\/t7e\/1\/16\/1f4c5.png\">Na manh\u00e3 desta segunda-feira, a Secretaria Municipal da Sa\u00fade prestou contas \u00e0 comunidade durante Audi\u00eancia P\u00fablica na C\u00e2mara de Vereadores, apresentando o Relat\u00f3rio Anual de Gest\u00e3o &#8211; RAG &#8211; referente ao exerc\u00edcio de 2023.<\/p>\n","protected":false},"excerpt":{"rendered":"<p>Audi\u00eancia P\u00fablica de apresenta\u00e7\u00e3o do Relat\u00f3rio Anual de Gest\u00e3o &#8211; RAG &#8211; referente ao exerc\u00edcio de 2023. Na manh\u00e3 desta segunda-feira, a Secretaria Municipal da Sa\u00fade prestou contas \u00e0 comunidade durante Audi\u00eancia P\u00fablica na C\u00e2mara de Vereadores, apresentando o Relat\u00f3rio Anual de Gest\u00e3o &#8211; RAG &#8211; referente ao exerc\u00edcio de 2023.<\/p>\n","protected":false},"author":5,"featured_media":7743,"comment_status":"open","ping_status":"open","sticky":false,"template":"","format":"standard","meta":{"episode_type":"","audio_file":"","duration":"","filesize":"","date_recorded":"","explicit":"","block":"","filesize_raw":""},"categories":[5],"tags":[],"_links":{"self":[{"href":"https:\/\/www.camaraestrelavelha.rs.gov.br\/portal\/wp-json\/wp\/v2\/posts\/7741"}],"collection":[{"href":"https:\/\/www.camaraestrelavelha.rs.gov.br\/portal\/wp-json\/wp\/v2\/posts"}],"about":[{"href":"https:\/\/www.camaraestrelavelha.rs.gov.br\/portal\/wp-json\/wp\/v2\/types\/post"}],"author":[{"embeddable":true,"href":"https:\/\/www.camaraestrelavelha.rs.gov.br\/portal\/wp-json\/wp\/v2\/users\/5"}],"replies":[{"embeddable":true,"href":"https:\/\/www.camaraestrelavelha.rs.gov.br\/portal\/wp-json\/wp\/v2\/comments?post=7741"}],"version-history":[{"count":1,"href":"https:\/\/www.camaraestrelavelha.rs.gov.br\/portal\/wp-json\/wp\/v2\/posts\/7741\/revisions"}],"predecessor-version":[{"id":7745,"href":"https:\/\/www.camaraestrelavelha.rs.gov.br\/portal\/wp-json\/wp\/v2\/posts\/7741\/revisions\/7745"}],"wp:featuredmedia":[{"embeddable":true,"href":"https:\/\/www.camaraestrelavelha.rs.gov.br\/portal\/wp-json\/wp\/v2\/media\/7743"}],"wp:attachment":[{"href":"https:\/\/www.camaraestrelavelha.rs.gov.br\/portal\/wp-json\/wp\/v2\/media?parent=7741"}],"wp:term":[{"taxonomy":"category","embeddable":true,"href":"https:\/\/www.camaraestrelavelha.rs.gov.br\/portal\/wp-json\/wp\/v2\/categories?post=7741"},{"taxonomy":"post_tag","embeddable":true,"href":"https:\/\/www.camaraestrelavelha.rs.gov.br\/portal\/wp-json\/wp\/v2\/tags?post=7741"}],"curies":[{"name":"wp","href":"https:\/\/api.w.org\/{rel}","templated":true}]}}