{"id":8071,"date":"2024-06-10T11:51:31","date_gmt":"2024-06-10T14:51:31","guid":{"rendered":"http:\/\/camaraestrelavelha.rs.gov.br\/portal\/?p=8071"},"modified":"2024-06-10T11:51:40","modified_gmt":"2024-06-10T14:51:40","slug":"pauta-da-14-sessao-ordinaria-de-2024","status":"publish","type":"post","link":"https:\/\/www.camaraestrelavelha.rs.gov.br\/portal\/2024\/06\/10\/pauta-da-14-sessao-ordinaria-de-2024\/","title":{"rendered":"PAUTA DA 14\u00b0 SESS\u00c3O ORDIN\u00c1RIA DE 2024"},"content":{"rendered":"\n<p><strong>PAUTA DA 14\u00b0 SESS\u00c3O ORDIN\u00c1RIA DA<\/strong><\/p>\n\n\n\n<p><strong>C\u00c2MARA MUNICIPAL DE VEREADORES DE ESTRELA VELHA<\/strong><\/p>\n\n\n\n<p><strong>Data: 10 de junho de 2024<\/strong><\/p>\n\n\n\n<p><strong>Hor\u00e1rio: 18 horas<\/strong><\/p>\n\n\n\n<p><strong>Local: Sala de Sess\u00f5es Erno Billig<\/strong><\/p>\n\n\n\n<p><strong>Pauta:<\/strong><\/p>\n\n\n\n<p><strong># Projeto de Lei n\u00b0 1.551, <\/strong>de 07 de junho de 2024, de autoria do Poder Executivo, onde \u201cAutoriza a abertura de cr\u00e9dito especial no montante de quinze mil reais\u201d.<\/p>\n\n\n\n<p><strong># Projeto de Lei n\u00b0 1.552, <\/strong>de 07 de junho de 2024, de autoria do Poder Executivo, onde \u201cAutoriza contrata\u00e7\u00e3o tempor\u00e1ria de agente comunit\u00e1rio de sa\u00fade, por excepcional interesse p\u00fablico, e d\u00e1 outras provid\u00eancias\u201d.<\/p>\n\n\n\n<p><strong># <\/strong><strong>Projeto de Lei Legislativo n\u00ba. 10<\/strong><strong>,<\/strong> de 07 de junho de 2024, de autoria da Mesa Diretora, onde \u201cDisp\u00f5e sobre a fixa\u00e7\u00e3o dos subs\u00eddios dos Vereadores Municipais para a legislatura 2025\/2028 e d\u00e1 outras provid\u00eancias<em>\u201d.<\/em><\/p>\n\n\n\n<p><strong># <\/strong><strong>Projeto de Lei Legislativo n\u00ba. 11<\/strong><strong>,<\/strong> de 07 de junho de 2024, de autoria da Mesa Diretora, onde<strong> <\/strong>\u201cDisp\u00f5e sobre a fixa\u00e7\u00e3o dos subs\u00eddios do Prefeito, Vice-Prefeito e Secret\u00e1rios Municipais para a legislatura 2025\/2028 e d\u00e1 outras provid\u00eancias\u201d.<\/p>\n\n\n\n<p><strong>Ordem do dia:<\/strong><\/p>\n\n\n\n<p><strong># Projeto de Resolu\u00e7\u00e3o n\u00b0 01, <\/strong>de 27 de maio de 2024, de autoria da Mesa Diretora, Onde \u201cDisp\u00f5e sobre a Estrutura Administrativa da C\u00e2mara Municipal de Estrela Velha, RS, e d\u00e1 outras provid\u00eancias\u201d.<\/p>\n\n\n\n<p><strong># Projeto de Lei n\u00b0 1.547, <\/strong>de 14 de maio de 2024, de autoria do Poder Executivo onde \u201cAutoriza a abertura de cr\u00e9dito especial no montante de sessenta e oito mil e trinta e quatro reais e quarenta e nove centavos\u201d.<\/p>\n\n\n\n<p><strong># Projeto de Lei n\u00b0 1.548, <\/strong>de 14 de maio de 2024, de autoria do Poder Executivo onde \u201cAutoriza a abertura de cr\u00e9dito especial no montante de dezessete mil e seiscentos e onze reais e noventa e um centavos\u201d.<\/p>\n\n\n\n<p><strong># Pedido de Provid\u00eancia n\u00b0 04, <\/strong>de 10 de junho de 2024, de autoria do Vereador Deocl\u00e9cio Ravanello, Partido Progressistas, onde \u201cRequer provid\u00eancias quanto as medidas que o Poder Executivo est\u00e1 tomando em rela\u00e7\u00e3o \u00e0 ponte que est\u00e1 sem acesso devido a enchente na divisa de Santa Terezinha, interior do munic\u00edpio que d\u00e1 acesso ao munic\u00edpio de Arroio do Tigre\u201d.<\/p>\n\n\n\n<p>Sala da Presid\u00eancia, em 10 de junho de 2024.<\/p>\n\n\n\n<p>Deocl\u00e9cio Ravanello<\/p>\n\n\n\n<p>Presidente<\/p>\n","protected":false},"excerpt":{"rendered":"<p>PAUTA DA 14\u00b0 SESS\u00c3O ORDIN\u00c1RIA DA C\u00c2MARA MUNICIPAL DE VEREADORES DE ESTRELA VELHA Data: 10 de junho de 2024 Hor\u00e1rio: 18 horas Local: Sala de Sess\u00f5es Erno Billig Pauta: # Projeto de Lei n\u00b0 1.551, de 07 de junho de 2024, de autoria do Poder Executivo, onde \u201cAutoriza a abertura de cr\u00e9dito especial no montante [&hellip;]<\/p>\n","protected":false},"author":5,"featured_media":0,"comment_status":"open","ping_status":"open","sticky":false,"template":"","format":"standard","meta":{"episode_type":"","audio_file":"","duration":"","filesize":"","date_recorded":"","explicit":"","block":"","filesize_raw":""},"categories":[7],"tags":[],"_links":{"self":[{"href":"https:\/\/www.camaraestrelavelha.rs.gov.br\/portal\/wp-json\/wp\/v2\/posts\/8071"}],"collection":[{"href":"https:\/\/www.camaraestrelavelha.rs.gov.br\/portal\/wp-json\/wp\/v2\/posts"}],"about":[{"href":"https:\/\/www.camaraestrelavelha.rs.gov.br\/portal\/wp-json\/wp\/v2\/types\/post"}],"author":[{"embeddable":true,"href":"https:\/\/www.camaraestrelavelha.rs.gov.br\/portal\/wp-json\/wp\/v2\/users\/5"}],"replies":[{"embeddable":true,"href":"https:\/\/www.camaraestrelavelha.rs.gov.br\/portal\/wp-json\/wp\/v2\/comments?post=8071"}],"version-history":[{"count":1,"href":"https:\/\/www.camaraestrelavelha.rs.gov.br\/portal\/wp-json\/wp\/v2\/posts\/8071\/revisions"}],"predecessor-version":[{"id":8073,"href":"https:\/\/www.camaraestrelavelha.rs.gov.br\/portal\/wp-json\/wp\/v2\/posts\/8071\/revisions\/8073"}],"wp:attachment":[{"href":"https:\/\/www.camaraestrelavelha.rs.gov.br\/portal\/wp-json\/wp\/v2\/media?parent=8071"}],"wp:term":[{"taxonomy":"category","embeddable":true,"href":"https:\/\/www.camaraestrelavelha.rs.gov.br\/portal\/wp-json\/wp\/v2\/categories?post=8071"},{"taxonomy":"post_tag","embeddable":true,"href":"https:\/\/www.camaraestrelavelha.rs.gov.br\/portal\/wp-json\/wp\/v2\/tags?post=8071"}],"curies":[{"name":"wp","href":"https:\/\/api.w.org\/{rel}","templated":true}]}}