{"id":8105,"date":"2024-06-18T09:11:11","date_gmt":"2024-06-18T12:11:11","guid":{"rendered":"http:\/\/camaraestrelavelha.rs.gov.br\/portal\/?p=8105"},"modified":"2024-06-18T14:32:56","modified_gmt":"2024-06-18T17:32:56","slug":"resumo-da-15o-sessao-ordinaria-de-2024","status":"publish","type":"post","link":"https:\/\/www.camaraestrelavelha.rs.gov.br\/portal\/2024\/06\/18\/resumo-da-15o-sessao-ordinaria-de-2024\/","title":{"rendered":"RESUMO DA 15\u00ba SESS\u00c3O ORDIN\u00c1RIA DE 2024"},"content":{"rendered":"\n<p><strong>RESUMO DA 15\u00ba SESS\u00c3O ORDIN\u00c1RIA DA<\/strong><\/p>\n\n\n\n<p><strong>C\u00c2MARA MUNICIPAL DE VEREADORES DE ESTRELA VELHA<\/strong><\/p>\n\n\n\n<p><strong>Data: 17 de junho de 2024<\/strong><\/p>\n\n\n\n<p><strong>Hor\u00e1rio: 18 horas<\/strong><\/p>\n\n\n\n<p><strong>Local: Sala de Sess\u00f5es Erno Billig<\/strong><\/p>\n\n\n\n<p><strong>&nbsp; NA PAUTA CONSTOU:<\/strong><\/p>\n\n\n\n<p><strong># Emenda Modificativa n\u00b0 04, <\/strong>de 14 de junho de 2024, de autoria dos Vereadores Antonio Rosalvo Drum, Deocl\u00e9cio Ravanello, Jardel Silveira, Valdir Freese (Progressistas) e Dieison Neu (PDT), onde Modifica o dispositivo do art. 1\u00ba do Projeto de Lei n\u00ba. 1.546, de 13 de maio de 2024, que \u201cAutoriza a contrata\u00e7\u00e3o tempor\u00e1ria de servidores, por excepcional interesse p\u00fablico, para atuar na Secretaria Municipal de Educa\u00e7\u00e3o, e d\u00e1 outras provid\u00eancias\u201d. Aprovado por Unanimidade.<\/p>\n\n\n\n<p><strong># Projeto de Lei n\u00b0 1.546, <\/strong>de 13 de maio de 2024, de autoria do Poder Executivo onde \u201cAutoriza a contrata\u00e7\u00e3o tempor\u00e1ria de servidores, por excepcional interesse p\u00fablico, para atuar na Secretaria Municipal de Educa\u00e7\u00e3o, e d\u00e1 outras provid\u00eancias\u201d. Aprovado por Unanimidade juntamente com a emenda.<\/p>\n\n\n\n<p><strong># Projeto de Lei n\u00b0 1.551, <\/strong>de 07 de junho de 2024, de autoria do Poder Executivo, onde \u201cAutoriza a abertura de cr\u00e9dito especial no montante de quinze mil reais\u201d. Aprovado por Unanimidade.<\/p>\n\n\n\n<p><strong># Emenda Modificativa n\u00b0 03, <\/strong>de 14 de junho de 2024, de autoria dos Vereadores Antonio Rosalvo Drum, Deocl\u00e9cio Ravanello, Jardel Silveira, Valdir Freese (Progressistas) e Dieison Neu (PDT), onde Modifica o dispositivo do art. 1\u00ba do Projeto de Lei n\u00ba. 1.552, de 07 de junho de 2024, que \u201cAutoriza a contrata\u00e7\u00e3o tempor\u00e1ria de agente de sa\u00fade, por excepcional interesse p\u00fablico, e d\u00e1 outras provid\u00eancias\u201d. Aprovado por Unanimidade.<\/p>\n\n\n\n<p><strong># Projeto de Lei n\u00b0 1.552, <\/strong>de 07 de junho de 2024, de autoria do Poder Executivo, onde \u201cAutoriza contrata\u00e7\u00e3o tempor\u00e1ria de agente comunit\u00e1rio de sa\u00fade, por excepcional interesse p\u00fablico, e d\u00e1 outras provid\u00eancias\u201d. Aprovado por Unanimidade.<\/p>\n\n\n\n<p><strong># <\/strong><strong>Projeto de Lei Legislativo n\u00ba. 10<\/strong><strong>, <\/strong>de 07 de junho de 2024, de autoria da Mesa Diretora, onde \u201cDisp\u00f5e sobre a fixa\u00e7\u00e3o dos subs\u00eddios dos Vereadores Municipais para a legislatura 2025\/2028 e d\u00e1 outras provid\u00eancias<em>\u201d.<\/em> Aprovado por Unanimidade.<\/p>\n\n\n\n<p><strong># <\/strong><strong>Projeto de Lei Legislativo n\u00ba. 11<\/strong><strong>, <\/strong>de 07 de junho de 2024, de autoria da Mesa Diretora, onde \u201cDisp\u00f5e sobre a fixa\u00e7\u00e3o dos subs\u00eddios do Prefeito, Vice-Prefeito e Secret\u00e1rios Municipais para a legislatura 2025\/2028 e d\u00e1 outras provid\u00eancias\u201d. Aprovado por Unanimidade.<\/p>\n\n\n\n<p><strong>&nbsp; Pr\u00f3xima Sess\u00e3o Ordin\u00e1ria acontecer\u00e1 no dia 05 de agosto de 2024, \u00e0s 18 horas.<\/strong><\/p>\n\n\n\n<p>Sala da Presid\u00eancia, em 18 de junho de 2024.<\/p>\n\n\n\n<p>Deocl\u00e9cio Ravanello<\/p>\n\n\n\n<p>Presidente<strong><\/strong><\/p>\n","protected":false},"excerpt":{"rendered":"<p>RESUMO DA 15\u00ba SESS\u00c3O ORDIN\u00c1RIA DA C\u00c2MARA MUNICIPAL DE VEREADORES DE ESTRELA VELHA Data: 17 de junho de 2024 Hor\u00e1rio: 18 horas Local: Sala de Sess\u00f5es Erno Billig &nbsp; NA PAUTA CONSTOU: # Emenda Modificativa n\u00b0 04, de 14 de junho de 2024, de autoria dos Vereadores Antonio Rosalvo Drum, Deocl\u00e9cio Ravanello, Jardel Silveira, Valdir [&hellip;]<\/p>\n","protected":false},"author":5,"featured_media":0,"comment_status":"open","ping_status":"open","sticky":false,"template":"","format":"standard","meta":{"episode_type":"","audio_file":"","duration":"","filesize":"","date_recorded":"","explicit":"","block":"","filesize_raw":""},"categories":[6],"tags":[],"_links":{"self":[{"href":"https:\/\/www.camaraestrelavelha.rs.gov.br\/portal\/wp-json\/wp\/v2\/posts\/8105"}],"collection":[{"href":"https:\/\/www.camaraestrelavelha.rs.gov.br\/portal\/wp-json\/wp\/v2\/posts"}],"about":[{"href":"https:\/\/www.camaraestrelavelha.rs.gov.br\/portal\/wp-json\/wp\/v2\/types\/post"}],"author":[{"embeddable":true,"href":"https:\/\/www.camaraestrelavelha.rs.gov.br\/portal\/wp-json\/wp\/v2\/users\/5"}],"replies":[{"embeddable":true,"href":"https:\/\/www.camaraestrelavelha.rs.gov.br\/portal\/wp-json\/wp\/v2\/comments?post=8105"}],"version-history":[{"count":1,"href":"https:\/\/www.camaraestrelavelha.rs.gov.br\/portal\/wp-json\/wp\/v2\/posts\/8105\/revisions"}],"predecessor-version":[{"id":8107,"href":"https:\/\/www.camaraestrelavelha.rs.gov.br\/portal\/wp-json\/wp\/v2\/posts\/8105\/revisions\/8107"}],"wp:attachment":[{"href":"https:\/\/www.camaraestrelavelha.rs.gov.br\/portal\/wp-json\/wp\/v2\/media?parent=8105"}],"wp:term":[{"taxonomy":"category","embeddable":true,"href":"https:\/\/www.camaraestrelavelha.rs.gov.br\/portal\/wp-json\/wp\/v2\/categories?post=8105"},{"taxonomy":"post_tag","embeddable":true,"href":"https:\/\/www.camaraestrelavelha.rs.gov.br\/portal\/wp-json\/wp\/v2\/tags?post=8105"}],"curies":[{"name":"wp","href":"https:\/\/api.w.org\/{rel}","templated":true}]}}